{"id":22839,"date":"2023-08-08T11:25:12","date_gmt":"2023-08-08T09:25:12","guid":{"rendered":"https:\/\/globalna.info\/?p=22839"},"modified":"2026-02-28T01:43:19","modified_gmt":"2026-02-28T00:43:19","slug":"wirusy-obcych-wybuch-meteorytu-nad-chinami-w-2019-roku-i-poczatek-pandemi-covid-19","status":"publish","type":"post","link":"https:\/\/globalna.info\/en\/2023\/08\/08\/wirusy-obcych-wybuch-meteorytu-nad-chinami-w-2019-roku-i-poczatek-pandemi-covid-19\/","title":{"rendered":"WIRUSY 'OBCYCH&#8217; &#8211; WYBUCH METEORYTU NAD CHINAMI W 2019 ROKU I POCZ\u0104TEK PANDEMII"},"content":{"rendered":"<p class=\"wp-block-paragraph\"><strong>Naukowcy z Instytutu Bada\u0144 Medycznych im. Maxa Plancka w Niemczech, kierowani przez Matthiasa Fischera, zako\u0144czyli analiz\u0119 pr\u00f3bek gleby pobranych w 2018 roku z lasu Harvarda w stanie Massachusetts.&nbsp;Zwolennicy teorii spiskowych podejrzewaj\u0105, \u017ce nie bez powodu wzbudzi\u0142a zainteresowanie \u2013 co\u015b tam si\u0119 wydarzy\u0142o.&nbsp;I wygl\u0105da na to, \u017ce Niemcy znale\u017ali dok\u0142adnie to, czego szukali.<\/strong><\/p>\n\n\n\n<p class=\"wp-block-paragraph\">Wyniki, kt\u00f3re naukowcy opublikowali 7 lat po odkryciu, zszokowa\u0142y ich.&nbsp;Pr\u00f3bki wykaza\u0142y ogromne wirusy o \u015brednicy do 635 nanometr\u00f3w.&nbsp;Samo w sobie nie jest to stylowo imponuj\u0105ce, poniewa\u017c gigantyczne patogeny znajduj\u0105 si\u0119 w mikrokosmosie.&nbsp;Ale kszta\u0142t wirus\u00f3w nie przypomina\u0142 \u017cadnego z tych znalezionych na Ziemi.<\/p>\n\n\n\n<p class=\"wp-block-paragraph\">Niekt\u00f3re wirusy wygl\u0105da\u0142y jak pi\u0119cioramienne gwiazdy, inne przypomina\u0142y o\u015bmiornice z wieloma mackami, a jeszcze inne wygl\u0105da\u0142y jak 20-ramienne nogi.&nbsp;Wewn\u0105trz by\u0142y dos\u0142ownie wypchane DNA \u2013 ka\u017cdy genom zawiera do 2,5 miliona par zasad DNA.<\/p>\n\n\n\n<figure class=\"wp-block-image\"><img data-recalc-dims=\"1\" decoding=\"async\" src=\"https:\/\/i0.wp.com\/www.soulask.com\/wp-content\/uploads\/2023\/08\/image.png?w=1220&#038;ssl=1\" alt=\"Kosmiczna infekcja bez ziemskich odpowiednik\u00f3w: obce wirusy odkryte na Ziemi, a naukowcy nie mog\u0105 zrozumie\u0107 ich struktury i celu 2\" class=\"wp-image-70857\" title=\"Kosmiczna infekcja bez ziemskich odpowiednik\u00f3w: obce wirusy odkryte na Ziemi, a naukowcy nie mog\u0105 zrozumie\u0107 ich struktury i celu 2\"\/><figcaption class=\"wp-element-caption\">Patogeny znalezione w glebie lasu Massachusetts.&nbsp;Zdj\u0119cie: \u00a9 biorxiv.org<\/figcaption><\/figure>\n\n\n\n<p class=\"wp-block-paragraph\">Niemcy, zwracaj\u0105c uwag\u0119 na r\u00f3\u017cnorodno\u015b\u0107 form odkrytych przez siebie wirus\u00f3w, ostro\u017cnie nazywali je \u201eniesamowitymi\u201d.&nbsp;Przyznali, \u017ce jeszcze nie rozumiej\u0105, jakie role pe\u0142ni\u0105 te z\u0142o\u017cone struktury biologiczne wirus\u00f3w i jeszcze nie wiedz\u0105, sk\u0105d si\u0119 wzi\u0119\u0142y.<\/p>\n\n\n\n<p class=\"wp-block-paragraph\">Dziennikarze, dowiedziawszy si\u0119 o artykule naukowym przygotowanym na podstawie wynik\u00f3w analizy, nie wahali si\u0119 sugerowa\u0107, \u017ce wirusy to pluj\u0105cy wizerunek kosmit\u00f3w.&nbsp;To samo dotyczy\u0142o ich DNA.<\/p>\n\n\n\n<h4 class=\"wp-block-heading has-text-align-center\">Astrobiolodzy: \u201eWszech\u015bwiat jest pe\u0142en wirus\u00f3w\u201d<\/h4>\n\n\n\n<p class=\"wp-block-paragraph\">Jest ma\u0142o prawdopodobne, aby pozaziemskie wirusy pojawi\u0142y si\u0119 w lesie Massachusetts wys\u0142ane w kapsule obcych, ale mog\u0142y lata\u0107 z kosmosu \u2013 z meteorytami, kometami lub po prostu z kosmicznym py\u0142em.<\/p>\n\n\n\n<p class=\"wp-block-paragraph\">\u201eViruses at Large in the Universe\u201d to tytu\u0142 artyku\u0142u, kt\u00f3ry dziwnym zbiegiem okoliczno\u015bci zosta\u0142 opublikowany w czasopi\u015bmie Astrobiology przez astrobiolog\u00f3w ze Stan\u00f3w Zjednoczonych i Japonii w 2018 roku.<\/p>\n\n\n\n<p class=\"wp-block-paragraph\">Naukowcy z Berlina Aaron, Mochizuki Tomohiro i ich lider Stedman Kenneth dowodz\u0105 w swoim artykule: \u201einfekcja\u201d obejmuje przestrze\u0144 mi\u0119dzygwiezdn\u0105, egzoplanety i oczywi\u015bcie planety Uk\u0142adu S\u0142onecznego.&nbsp;A \u017cycie pozaziemskie jest reprezentowane przede wszystkim przez wirusy, a nie przez bakterie, na poszukiwaniach kt\u00f3rych skupili si\u0119 koledzy z NASA.<\/p>\n\n\n\n<p class=\"wp-block-paragraph\">Wirusy s\u0105 w stanie tolerowa\u0107 kosmiczne zimno, twarde promieniowanie zjonizowane, wi\u0119kszo\u015b\u0107 nie umiera w pr\u00f3\u017cni, a niekt\u00f3re nie gin\u0105 nawet po ugotowaniu w st\u0119\u017conym kwasie siarkowym.<\/p>\n\n\n\n<figure class=\"wp-block-image\"><img data-recalc-dims=\"1\" decoding=\"async\" src=\"https:\/\/i0.wp.com\/www.soulask.com\/wp-content\/uploads\/2023\/08\/image-1.png?w=1220&#038;ssl=1\" alt=\"Kosmiczna infekcja bez ziemskich odpowiednik\u00f3w: Obce wirusy odkryte na Ziemi, a naukowcy nie mog\u0105 zrozumie\u0107 ich struktury i celu 3\" class=\"wp-image-70858\" title=\"Kosmiczna infekcja bez ziemskich odpowiednik\u00f3w: Obce wirusy odkryte na Ziemi, a naukowcy nie mog\u0105 zrozumie\u0107 ich struktury i celu 3\"\/><figcaption class=\"wp-element-caption\">Naukowcy byli zszokowani r\u00f3\u017cnorodno\u015bci\u0105 kszta\u0142t\u00f3w znalezionych \u201eobcych\u201d.&nbsp;Zdj\u0119cie: \u00a9 biorxiv.org<\/figcaption><\/figure>\n\n\n\n<p class=\"wp-block-paragraph\">Wcale nie jest wykluczone, \u017ce wszystkie wirusy zosta\u0142y sprowadzone z innych uk\u0142ad\u00f3w s\u0142onecznych i po prostu zapu\u015bci\u0142y korzenie na Ziemi.&nbsp;Massachusetts jest prawdopodobnym przyk\u0142adem takiego prawdopodobnie niedawnego nadej\u015bcia.<\/p>\n\n\n\n<p class=\"wp-block-paragraph\">Kenneth Steadman i jego wsp\u00f3\u0142pracownicy uwa\u017caj\u0105, \u017ce nadszed\u0142 czas na opracowanie metod, kt\u00f3re pozwoli\u0142yby wykry\u0107 wirusy w pr\u00f3bkach pobranych z innych planet.&nbsp;Wed\u0142ug naukowc\u00f3w warto by\u0142oby wyposa\u017cy\u0107 sondy badawcze w mikroskopy elektronowe.<\/p>\n\n\n\n<h4 class=\"wp-block-heading has-text-align-center\">Czy COVID-19 zosta\u0142 dla nas zorganizowany przez kosmit\u00f3w?<\/h4>\n\n\n\n<p class=\"wp-block-paragraph\">O tym, \u017ce pandemi\u0119 koronawirusa zorganizowali kosmici, zapewni\u0142 nie jaki\u015b szalony ufolog, ale ca\u0142kiem powa\u017cny brytyjski naukowiec, profesor Chandra Wickramasinghe z Buckingham Center for Astrobiology.<\/p>\n\n\n\n<p class=\"wp-block-paragraph\"><strong>Wed\u0142ug profesora koronawirus <a href=\"https:\/\/www.express.co.uk\/news\/science\/1190572\/china-news-china-fireball-explosion-video-Songyuan-Jilin\">przylecia\u0142 na meteorycie<\/a>, kt\u00f3ry eksplodowa\u0142 nad Chinami w pa\u017adzierniku 2019 roku.<\/strong><\/p>","protected":false},"excerpt":{"rendered":"<p>Naukowcy z Instytutu Bada\u0144 Medycznych im. Maxa Plancka w Niemczech, kierowani przez Matthiasa Fischera, zako\u0144czyli analiz\u0119 pr\u00f3bek gleby pobranych w 2018 roku z lasu Harvarda w<span class=\"excerpt-hellip\"> [\u2026]<\/span><\/p>\n","protected":false},"author":1,"featured_media":22840,"comment_status":"closed","ping_status":"open","sticky":false,"template":"","format":"standard","meta":{"_daam_enable_autolinks":"1","_jetpack_newsletter_access":"","_jetpack_dont_email_post_to_subs":false,"_jetpack_newsletter_tier_id":0,"_jetpack_memberships_contains_paywalled_content":false,"_jetpack_feature_clip_id":0,"_jetpack_memberships_contains_paid_content":false,"footnotes":"","jetpack_post_was_ever_published":false},"categories":[19],"tags":[],"class_list":["post-22839","post","type-post","status-publish","format-standard","has-post-thumbnail","hentry","category-swiat-jest-inny"],"yoast_head":"<!-- This site is optimized with the Yoast SEO plugin v28.3 - https:\/\/yoast.com\/product\/yoast-seo-wordpress\/ -->\n<title>WIRUSY &#039;OBCYCH&#039; - WYBUCH METEORYTU NAD CHINAMI W 2019 ROKU I POCZ\u0104TEK PANDEMII - Globalna \u015awiadomo\u015b\u0107<\/title>\n<meta name=\"robots\" content=\"index, follow, max-snippet:-1, max-image-preview:large, max-video-preview:-1\" \/>\n<link rel=\"canonical\" href=\"https:\/\/globalna.info\/en\/2023\/08\/08\/wirusy-obcych-wybuch-meteorytu-nad-chinami-w-2019-roku-i-poczatek-pandemi-covid-19\/\" \/>\n<meta property=\"og:locale\" content=\"en_GB\" \/>\n<meta property=\"og:type\" content=\"article\" \/>\n<meta property=\"og:title\" content=\"WIRUSY &#039;OBCYCH&#039; - WYBUCH METEORYTU NAD CHINAMI W 2019 ROKU I POCZ\u0104TEK PANDEMII - Globalna \u015awiadomo\u015b\u0107\" \/>\n<meta property=\"og:description\" content=\"Naukowcy z Instytutu Bada\u0144 Medycznych im. Maxa Plancka w Niemczech, kierowani przez Matthiasa Fischera, zako\u0144czyli analiz\u0119 pr\u00f3bek gleby pobranych w 2018 roku z lasu Harvarda w [\u2026]\" \/>\n<meta property=\"og:url\" content=\"https:\/\/globalna.info\/en\/2023\/08\/08\/wirusy-obcych-wybuch-meteorytu-nad-chinami-w-2019-roku-i-poczatek-pandemi-covid-19\/\" \/>\n<meta property=\"og:site_name\" content=\"Globalna \u015awiadomo\u015b\u0107\" \/>\n<meta property=\"article:publisher\" content=\"https:\/\/www.facebook.com\/globalna.info\/\" \/>\n<meta property=\"article:published_time\" content=\"2023-08-08T09:25:12+00:00\" \/>\n<meta property=\"article:modified_time\" content=\"2026-02-28T00:43:19+00:00\" \/>\n<meta property=\"og:image\" content=\"https:\/\/globalna.info\/wp-content\/uploads\/2023\/08\/fireball-1190572.jpg\" \/>\n\t<meta property=\"og:image:width\" content=\"590\" \/>\n\t<meta property=\"og:image:height\" content=\"350\" \/>\n\t<meta property=\"og:image:type\" content=\"image\/jpeg\" \/>\n<meta name=\"author\" content=\"Globalna \u015awiadomo\u015b\u0107\" \/>\n<meta name=\"twitter:card\" content=\"summary_large_image\" \/>\n<meta name=\"twitter:creator\" content=\"@globalna_info\" \/>\n<meta name=\"twitter:site\" content=\"@globalna_info\" \/>\n<meta name=\"twitter:label1\" content=\"Written by\" \/>\n\t<meta name=\"twitter:data1\" content=\"Globalna \u015awiadomo\u015b\u0107\" \/>\n\t<meta name=\"twitter:label2\" content=\"Estimated reading time\" \/>\n\t<meta name=\"twitter:data2\" content=\"4 minutes\" \/>\n<script type=\"application\/ld+json\" class=\"yoast-schema-graph\">{\"@context\":\"https:\\\/\\\/schema.org\",\"@graph\":[{\"@type\":\"Article\",\"@id\":\"https:\\\/\\\/globalna.info\\\/2023\\\/08\\\/08\\\/wirusy-obcych-wybuch-meteorytu-nad-chinami-w-2019-roku-i-poczatek-pandemi-covid-19\\\/#article\",\"isPartOf\":{\"@id\":\"https:\\\/\\\/globalna.info\\\/2023\\\/08\\\/08\\\/wirusy-obcych-wybuch-meteorytu-nad-chinami-w-2019-roku-i-poczatek-pandemi-covid-19\\\/\"},\"author\":{\"name\":\"Globalna \u015awiadomo\u015b\u0107\",\"@id\":\"https:\\\/\\\/globalna.info\\\/#\\\/schema\\\/person\\\/63d6d4bbc6cc7167b37363521107c844\"},\"headline\":\"WIRUSY 'OBCYCH&#8217; &#8211; WYBUCH METEORYTU NAD CHINAMI W 2019 ROKU I POCZ\u0104TEK PANDEMII\",\"datePublished\":\"2023-08-08T09:25:12+00:00\",\"dateModified\":\"2026-02-28T00:43:19+00:00\",\"mainEntityOfPage\":{\"@id\":\"https:\\\/\\\/globalna.info\\\/2023\\\/08\\\/08\\\/wirusy-obcych-wybuch-meteorytu-nad-chinami-w-2019-roku-i-poczatek-pandemi-covid-19\\\/\"},\"wordCount\":564,\"publisher\":{\"@id\":\"https:\\\/\\\/globalna.info\\\/#organization\"},\"image\":{\"@id\":\"https:\\\/\\\/globalna.info\\\/2023\\\/08\\\/08\\\/wirusy-obcych-wybuch-meteorytu-nad-chinami-w-2019-roku-i-poczatek-pandemi-covid-19\\\/#primaryimage\"},\"thumbnailUrl\":\"https:\\\/\\\/i0.wp.com\\\/globalna.info\\\/wp-content\\\/uploads\\\/2023\\\/08\\\/fireball-1190572.jpg?fit=590%2C350&ssl=1\",\"articleSection\":[\"\u015awiat jest inny\"],\"inLanguage\":\"en-GB\"},{\"@type\":\"WebPage\",\"@id\":\"https:\\\/\\\/globalna.info\\\/2023\\\/08\\\/08\\\/wirusy-obcych-wybuch-meteorytu-nad-chinami-w-2019-roku-i-poczatek-pandemi-covid-19\\\/\",\"url\":\"https:\\\/\\\/globalna.info\\\/2023\\\/08\\\/08\\\/wirusy-obcych-wybuch-meteorytu-nad-chinami-w-2019-roku-i-poczatek-pandemi-covid-19\\\/\",\"name\":\"WIRUSY 'OBCYCH' - WYBUCH METEORYTU NAD CHINAMI W 2019 ROKU I POCZ\u0104TEK PANDEMII - Globalna \u015awiadomo\u015b\u0107\",\"isPartOf\":{\"@id\":\"https:\\\/\\\/globalna.info\\\/#website\"},\"primaryImageOfPage\":{\"@id\":\"https:\\\/\\\/globalna.info\\\/2023\\\/08\\\/08\\\/wirusy-obcych-wybuch-meteorytu-nad-chinami-w-2019-roku-i-poczatek-pandemi-covid-19\\\/#primaryimage\"},\"image\":{\"@id\":\"https:\\\/\\\/globalna.info\\\/2023\\\/08\\\/08\\\/wirusy-obcych-wybuch-meteorytu-nad-chinami-w-2019-roku-i-poczatek-pandemi-covid-19\\\/#primaryimage\"},\"thumbnailUrl\":\"https:\\\/\\\/i0.wp.com\\\/globalna.info\\\/wp-content\\\/uploads\\\/2023\\\/08\\\/fireball-1190572.jpg?fit=590%2C350&ssl=1\",\"datePublished\":\"2023-08-08T09:25:12+00:00\",\"dateModified\":\"2026-02-28T00:43:19+00:00\",\"breadcrumb\":{\"@id\":\"https:\\\/\\\/globalna.info\\\/2023\\\/08\\\/08\\\/wirusy-obcych-wybuch-meteorytu-nad-chinami-w-2019-roku-i-poczatek-pandemi-covid-19\\\/#breadcrumb\"},\"inLanguage\":\"en-GB\",\"potentialAction\":[{\"@type\":\"ReadAction\",\"target\":[\"https:\\\/\\\/globalna.info\\\/2023\\\/08\\\/08\\\/wirusy-obcych-wybuch-meteorytu-nad-chinami-w-2019-roku-i-poczatek-pandemi-covid-19\\\/\"]}]},{\"@type\":\"ImageObject\",\"inLanguage\":\"en-GB\",\"@id\":\"https:\\\/\\\/globalna.info\\\/2023\\\/08\\\/08\\\/wirusy-obcych-wybuch-meteorytu-nad-chinami-w-2019-roku-i-poczatek-pandemi-covid-19\\\/#primaryimage\",\"url\":\"https:\\\/\\\/i0.wp.com\\\/globalna.info\\\/wp-content\\\/uploads\\\/2023\\\/08\\\/fireball-1190572.jpg?fit=590%2C350&ssl=1\",\"contentUrl\":\"https:\\\/\\\/i0.wp.com\\\/globalna.info\\\/wp-content\\\/uploads\\\/2023\\\/08\\\/fireball-1190572.jpg?fit=590%2C350&ssl=1\",\"width\":590,\"height\":350},{\"@type\":\"BreadcrumbList\",\"@id\":\"https:\\\/\\\/globalna.info\\\/2023\\\/08\\\/08\\\/wirusy-obcych-wybuch-meteorytu-nad-chinami-w-2019-roku-i-poczatek-pandemi-covid-19\\\/#breadcrumb\",\"itemListElement\":[{\"@type\":\"ListItem\",\"position\":1,\"name\":\"Strona g\u0142\u00f3wna\",\"item\":\"https:\\\/\\\/globalna.info\\\/\"},{\"@type\":\"ListItem\",\"position\":2,\"name\":\"WIRUSY 'OBCYCH&#8217; &#8211; WYBUCH METEORYTU NAD CHINAMI W 2019 ROKU I POCZ\u0104TEK PANDEMII\"}]},{\"@type\":\"WebSite\",\"@id\":\"https:\\\/\\\/globalna.info\\\/#website\",\"url\":\"https:\\\/\\\/globalna.info\\\/\",\"name\":\"Globalna \u015awiadomo\u015b\u0107 portal wiedzy alternatywnej\",\"description\":\"\u015awiat Jest Inny\",\"publisher\":{\"@id\":\"https:\\\/\\\/globalna.info\\\/#organization\"},\"potentialAction\":[{\"@type\":\"SearchAction\",\"target\":{\"@type\":\"EntryPoint\",\"urlTemplate\":\"https:\\\/\\\/globalna.info\\\/?s={search_term_string}\"},\"query-input\":{\"@type\":\"PropertyValueSpecification\",\"valueRequired\":true,\"valueName\":\"search_term_string\"}}],\"inLanguage\":\"en-GB\"},{\"@type\":\"Organization\",\"@id\":\"https:\\\/\\\/globalna.info\\\/#organization\",\"name\":\"Globalna \u015awiadomo\u015b\u0107\",\"url\":\"https:\\\/\\\/globalna.info\\\/\",\"logo\":{\"@type\":\"ImageObject\",\"inLanguage\":\"en-GB\",\"@id\":\"https:\\\/\\\/globalna.info\\\/#\\\/schema\\\/logo\\\/image\\\/\",\"url\":\"https:\\\/\\\/i0.wp.com\\\/globalna.info\\\/wp-content\\\/uploads\\\/2023\\\/07\\\/cropped-GS-logo-final-1-fb-1.jpg?fit=1890%2C630&ssl=1\",\"contentUrl\":\"https:\\\/\\\/i0.wp.com\\\/globalna.info\\\/wp-content\\\/uploads\\\/2023\\\/07\\\/cropped-GS-logo-final-1-fb-1.jpg?fit=1890%2C630&ssl=1\",\"width\":1890,\"height\":630,\"caption\":\"Globalna \u015awiadomo\u015b\u0107\"},\"image\":{\"@id\":\"https:\\\/\\\/globalna.info\\\/#\\\/schema\\\/logo\\\/image\\\/\"},\"sameAs\":[\"https:\\\/\\\/www.facebook.com\\\/globalna.info\\\/\",\"https:\\\/\\\/x.com\\\/globalna_info\",\"https:\\\/\\\/www.instagram.com\\\/global_awarness_poland\\\/?hl=pl\"]},{\"@type\":\"Person\",\"@id\":\"https:\\\/\\\/globalna.info\\\/#\\\/schema\\\/person\\\/63d6d4bbc6cc7167b37363521107c844\",\"name\":\"Globalna \u015awiadomo\u015b\u0107\",\"image\":{\"@type\":\"ImageObject\",\"inLanguage\":\"en-GB\",\"@id\":\"https:\\\/\\\/secure.gravatar.com\\\/avatar\\\/bfa1874e30b0bc00ee62d40120daec88f60e306105d661025fdd175d903f368a?s=96&d=mm&r=g\",\"url\":\"https:\\\/\\\/secure.gravatar.com\\\/avatar\\\/bfa1874e30b0bc00ee62d40120daec88f60e306105d661025fdd175d903f368a?s=96&d=mm&r=g\",\"contentUrl\":\"https:\\\/\\\/secure.gravatar.com\\\/avatar\\\/bfa1874e30b0bc00ee62d40120daec88f60e306105d661025fdd175d903f368a?s=96&d=mm&r=g\",\"caption\":\"Globalna \u015awiadomo\u015b\u0107\"}}]}<\/script>\n<!-- \/ Yoast SEO plugin. -->","yoast_head_json":{"title":"WIRUSY 'OBCYCH' - WYBUCH METEORYTU NAD CHINAMI W 2019 ROKU I POCZ\u0104TEK PANDEMII - Globalna \u015awiadomo\u015b\u0107","robots":{"index":"index","follow":"follow","max-snippet":"max-snippet:-1","max-image-preview":"max-image-preview:large","max-video-preview":"max-video-preview:-1"},"canonical":"https:\/\/globalna.info\/en\/2023\/08\/08\/wirusy-obcych-wybuch-meteorytu-nad-chinami-w-2019-roku-i-poczatek-pandemi-covid-19\/","og_locale":"en_GB","og_type":"article","og_title":"WIRUSY 'OBCYCH' - WYBUCH METEORYTU NAD CHINAMI W 2019 ROKU I POCZ\u0104TEK PANDEMII - Globalna \u015awiadomo\u015b\u0107","og_description":"Naukowcy z Instytutu Bada\u0144 Medycznych im. Maxa Plancka w Niemczech, kierowani przez Matthiasa Fischera, zako\u0144czyli analiz\u0119 pr\u00f3bek gleby pobranych w 2018 roku z lasu Harvarda w [\u2026]","og_url":"https:\/\/globalna.info\/en\/2023\/08\/08\/wirusy-obcych-wybuch-meteorytu-nad-chinami-w-2019-roku-i-poczatek-pandemi-covid-19\/","og_site_name":"Globalna \u015awiadomo\u015b\u0107","article_publisher":"https:\/\/www.facebook.com\/globalna.info\/","article_published_time":"2023-08-08T09:25:12+00:00","article_modified_time":"2026-02-28T00:43:19+00:00","og_image":[{"width":590,"height":350,"url":"https:\/\/globalna.info\/wp-content\/uploads\/2023\/08\/fireball-1190572.jpg","type":"image\/jpeg"}],"author":"Globalna \u015awiadomo\u015b\u0107","twitter_card":"summary_large_image","twitter_creator":"@globalna_info","twitter_site":"@globalna_info","twitter_misc":{"Written by":"Globalna \u015awiadomo\u015b\u0107","Estimated reading time":"4 minutes"},"schema":{"@context":"https:\/\/schema.org","@graph":[{"@type":"Article","@id":"https:\/\/globalna.info\/2023\/08\/08\/wirusy-obcych-wybuch-meteorytu-nad-chinami-w-2019-roku-i-poczatek-pandemi-covid-19\/#article","isPartOf":{"@id":"https:\/\/globalna.info\/2023\/08\/08\/wirusy-obcych-wybuch-meteorytu-nad-chinami-w-2019-roku-i-poczatek-pandemi-covid-19\/"},"author":{"name":"Globalna \u015awiadomo\u015b\u0107","@id":"https:\/\/globalna.info\/#\/schema\/person\/63d6d4bbc6cc7167b37363521107c844"},"headline":"WIRUSY 'OBCYCH&#8217; &#8211; WYBUCH METEORYTU NAD CHINAMI W 2019 ROKU I POCZ\u0104TEK PANDEMII","datePublished":"2023-08-08T09:25:12+00:00","dateModified":"2026-02-28T00:43:19+00:00","mainEntityOfPage":{"@id":"https:\/\/globalna.info\/2023\/08\/08\/wirusy-obcych-wybuch-meteorytu-nad-chinami-w-2019-roku-i-poczatek-pandemi-covid-19\/"},"wordCount":564,"publisher":{"@id":"https:\/\/globalna.info\/#organization"},"image":{"@id":"https:\/\/globalna.info\/2023\/08\/08\/wirusy-obcych-wybuch-meteorytu-nad-chinami-w-2019-roku-i-poczatek-pandemi-covid-19\/#primaryimage"},"thumbnailUrl":"https:\/\/i0.wp.com\/globalna.info\/wp-content\/uploads\/2023\/08\/fireball-1190572.jpg?fit=590%2C350&ssl=1","articleSection":["\u015awiat jest inny"],"inLanguage":"en-GB"},{"@type":"WebPage","@id":"https:\/\/globalna.info\/2023\/08\/08\/wirusy-obcych-wybuch-meteorytu-nad-chinami-w-2019-roku-i-poczatek-pandemi-covid-19\/","url":"https:\/\/globalna.info\/2023\/08\/08\/wirusy-obcych-wybuch-meteorytu-nad-chinami-w-2019-roku-i-poczatek-pandemi-covid-19\/","name":"WIRUSY 'OBCYCH' - WYBUCH METEORYTU NAD CHINAMI W 2019 ROKU I POCZ\u0104TEK PANDEMII - Globalna \u015awiadomo\u015b\u0107","isPartOf":{"@id":"https:\/\/globalna.info\/#website"},"primaryImageOfPage":{"@id":"https:\/\/globalna.info\/2023\/08\/08\/wirusy-obcych-wybuch-meteorytu-nad-chinami-w-2019-roku-i-poczatek-pandemi-covid-19\/#primaryimage"},"image":{"@id":"https:\/\/globalna.info\/2023\/08\/08\/wirusy-obcych-wybuch-meteorytu-nad-chinami-w-2019-roku-i-poczatek-pandemi-covid-19\/#primaryimage"},"thumbnailUrl":"https:\/\/i0.wp.com\/globalna.info\/wp-content\/uploads\/2023\/08\/fireball-1190572.jpg?fit=590%2C350&ssl=1","datePublished":"2023-08-08T09:25:12+00:00","dateModified":"2026-02-28T00:43:19+00:00","breadcrumb":{"@id":"https:\/\/globalna.info\/2023\/08\/08\/wirusy-obcych-wybuch-meteorytu-nad-chinami-w-2019-roku-i-poczatek-pandemi-covid-19\/#breadcrumb"},"inLanguage":"en-GB","potentialAction":[{"@type":"ReadAction","target":["https:\/\/globalna.info\/2023\/08\/08\/wirusy-obcych-wybuch-meteorytu-nad-chinami-w-2019-roku-i-poczatek-pandemi-covid-19\/"]}]},{"@type":"ImageObject","inLanguage":"en-GB","@id":"https:\/\/globalna.info\/2023\/08\/08\/wirusy-obcych-wybuch-meteorytu-nad-chinami-w-2019-roku-i-poczatek-pandemi-covid-19\/#primaryimage","url":"https:\/\/i0.wp.com\/globalna.info\/wp-content\/uploads\/2023\/08\/fireball-1190572.jpg?fit=590%2C350&ssl=1","contentUrl":"https:\/\/i0.wp.com\/globalna.info\/wp-content\/uploads\/2023\/08\/fireball-1190572.jpg?fit=590%2C350&ssl=1","width":590,"height":350},{"@type":"BreadcrumbList","@id":"https:\/\/globalna.info\/2023\/08\/08\/wirusy-obcych-wybuch-meteorytu-nad-chinami-w-2019-roku-i-poczatek-pandemi-covid-19\/#breadcrumb","itemListElement":[{"@type":"ListItem","position":1,"name":"Strona g\u0142\u00f3wna","item":"https:\/\/globalna.info\/"},{"@type":"ListItem","position":2,"name":"WIRUSY 'OBCYCH&#8217; &#8211; WYBUCH METEORYTU NAD CHINAMI W 2019 ROKU I POCZ\u0104TEK PANDEMII"}]},{"@type":"WebSite","@id":"https:\/\/globalna.info\/#website","url":"https:\/\/globalna.info\/","name":"Globalna \u015awiadomo\u015b\u0107 portal wiedzy alternatywnej","description":"\u015awiat Jest Inny","publisher":{"@id":"https:\/\/globalna.info\/#organization"},"potentialAction":[{"@type":"SearchAction","target":{"@type":"EntryPoint","urlTemplate":"https:\/\/globalna.info\/?s={search_term_string}"},"query-input":{"@type":"PropertyValueSpecification","valueRequired":true,"valueName":"search_term_string"}}],"inLanguage":"en-GB"},{"@type":"Organization","@id":"https:\/\/globalna.info\/#organization","name":"Globalna \u015awiadomo\u015b\u0107","url":"https:\/\/globalna.info\/","logo":{"@type":"ImageObject","inLanguage":"en-GB","@id":"https:\/\/globalna.info\/#\/schema\/logo\/image\/","url":"https:\/\/i0.wp.com\/globalna.info\/wp-content\/uploads\/2023\/07\/cropped-GS-logo-final-1-fb-1.jpg?fit=1890%2C630&ssl=1","contentUrl":"https:\/\/i0.wp.com\/globalna.info\/wp-content\/uploads\/2023\/07\/cropped-GS-logo-final-1-fb-1.jpg?fit=1890%2C630&ssl=1","width":1890,"height":630,"caption":"Globalna \u015awiadomo\u015b\u0107"},"image":{"@id":"https:\/\/globalna.info\/#\/schema\/logo\/image\/"},"sameAs":["https:\/\/www.facebook.com\/globalna.info\/","https:\/\/x.com\/globalna_info","https:\/\/www.instagram.com\/global_awarness_poland\/?hl=pl"]},{"@type":"Person","@id":"https:\/\/globalna.info\/#\/schema\/person\/63d6d4bbc6cc7167b37363521107c844","name":"Globalna \u015awiadomo\u015b\u0107","image":{"@type":"ImageObject","inLanguage":"en-GB","@id":"https:\/\/secure.gravatar.com\/avatar\/bfa1874e30b0bc00ee62d40120daec88f60e306105d661025fdd175d903f368a?s=96&d=mm&r=g","url":"https:\/\/secure.gravatar.com\/avatar\/bfa1874e30b0bc00ee62d40120daec88f60e306105d661025fdd175d903f368a?s=96&d=mm&r=g","contentUrl":"https:\/\/secure.gravatar.com\/avatar\/bfa1874e30b0bc00ee62d40120daec88f60e306105d661025fdd175d903f368a?s=96&d=mm&r=g","caption":"Globalna \u015awiadomo\u015b\u0107"}}]}},"jetpack_sharing_enabled":true,"jetpack_featured_media_url":"https:\/\/i0.wp.com\/globalna.info\/wp-content\/uploads\/2023\/08\/fireball-1190572.jpg?fit=590%2C350&ssl=1","_links":{"self":[{"href":"https:\/\/globalna.info\/en\/wp-json\/wp\/v2\/posts\/22839","targetHints":{"allow":["GET"]}}],"collection":[{"href":"https:\/\/globalna.info\/en\/wp-json\/wp\/v2\/posts"}],"about":[{"href":"https:\/\/globalna.info\/en\/wp-json\/wp\/v2\/types\/post"}],"author":[{"embeddable":true,"href":"https:\/\/globalna.info\/en\/wp-json\/wp\/v2\/users\/1"}],"replies":[{"embeddable":true,"href":"https:\/\/globalna.info\/en\/wp-json\/wp\/v2\/comments?post=22839"}],"version-history":[{"count":0,"href":"https:\/\/globalna.info\/en\/wp-json\/wp\/v2\/posts\/22839\/revisions"}],"wp:featuredmedia":[{"embeddable":true,"href":"https:\/\/globalna.info\/en\/wp-json\/wp\/v2\/media\/22840"}],"wp:attachment":[{"href":"https:\/\/globalna.info\/en\/wp-json\/wp\/v2\/media?parent=22839"}],"wp:term":[{"taxonomy":"category","embeddable":true,"href":"https:\/\/globalna.info\/en\/wp-json\/wp\/v2\/categories?post=22839"},{"taxonomy":"post_tag","embeddable":true,"href":"https:\/\/globalna.info\/en\/wp-json\/wp\/v2\/tags?post=22839"}],"curies":[{"name":"wp","href":"https:\/\/api.w.org\/{rel}","templated":true}]}}