{"id":24921,"date":"2026-03-30T16:27:24","date_gmt":"2026-03-30T14:27:24","guid":{"rendered":"https:\/\/globalna.info\/?p=24921"},"modified":"2026-03-30T16:27:24","modified_gmt":"2026-03-30T14:27:24","slug":"panstwo-narodowe-gatesow-swiat-wzywa-do-aresztowania-swiatowego-forum-ekonomicznego","status":"publish","type":"post","link":"https:\/\/globalna.info\/en\/2026\/03\/30\/panstwo-narodowe-gatesow-swiat-wzywa-do-aresztowania-swiatowego-forum-ekonomicznego\/","title":{"rendered":"PA\u0143STWO NARODOWE GATES\u00d3W &#8211; \u015aWIAT WZYWA DO &#8221;ARESZTOWANIA&#8221; \u015aWIATOWEGO FORUM EKONOMICZNEGO"},"content":{"rendered":"\n<p class=\"wp-block-paragraph\">Syn jednego ze wsp\u00f3\u0142za\u0142o\u017cycieli \u015awiatowego Forum Ekonomicznego (WEF), obecnie emerytowany szwajcarski bankier, wzywa do <a href=\"https:\/\/slaynews.com\/news\/top-banker-calls-arrest-those-behind-bioweapon-covid-shots\/\">wymierzenia sprawiedliwo\u015bci<\/a> przest\u0119pcom, kt\u00f3rzy wypu\u015bcili na \u015bwiat \u201eszczepionki\u201d przeciwko koronawirusowi Wuhan (COVID-19). Pascal Najadi, kt\u00f3rego ojciec Hussain Najadi zosta\u0142 zamordowany w 2013 roku, podobno wsp\u00f3\u0142pracuje z dr Astrid Stuckelberger \u2013 czy widzia\u0142e\u015b niedawne <a href=\"https:\/\/www.brighteon.com\/4d48dab8-db07-4918-bcd5-80b32f4340f6\">wyst\u0105pienie<\/a> dr Stuckelberger w Health Ranger Report?<\/p>\n\n\n\n<p class=\"wp-block-paragraph\"> \u2013 aby wezwa\u0107 do pe\u0142nego \u015bcigania wszystkich os\u00f3b zaanga\u017cowanych w zastrzyki COVID, kt\u00f3re oboje okre\u015blaj\u0105 teraz jako \u201ebro\u0144 biologiczn\u0105\u201d. Najadi i dr Stuckelberger przygotowali nowy film dokumentalny zatytu\u0142owany \u201e<a href=\"https:\/\/www.youtube.com\/watch?v=91ZgfN6Q0E0\">Odci\u0119cie g\u0142owy w\u0119\u017ca<\/a>\u201e, kt\u00f3ry przygl\u0105da si\u0119 \u201eludob\u00f3jstwu\u201d pope\u0142nionemu przez sprawc\u00f3w szczepionki COVID pod pozorem walki z globaln\u0105 \u201epandemi\u0105\u201d, kt\u00f3ra zosta\u0142a w du\u017cej mierze zaaran\u017cowana w celu uzyskania maksymalnego efektu terroru.<\/p>\n\n\n\n<p class=\"wp-block-paragraph\">Najadi niedawno ust\u0105pi\u0142 ze swojego wp\u0142ywowego stanowiska bankowego, ale podczas swojej kadencji wywiera\u0142 znaczny wp\u0142yw na sprawy \u015bwiatowe. Jego rol\u0105 by\u0142o doradzanie krajom i g\u0142owom pa\u0144stw w zakresie kierunku finansowego ich kraj\u00f3w.<\/p>\n\n\n\n<p class=\"wp-block-paragraph\">Najadi jest r\u00f3wnie\u017c odpowiedzialny za niedawn\u0105 rezygnacj\u0119 prezydenta Szwajcarii Alaina Berseta, przeciwko kt\u00f3remu Najadi z\u0142o\u017cy\u0142 skarg\u0119 karn\u0105 do szwajcarskiego S\u0105du Najwy\u017cszego, oskar\u017caj\u0105c Berseta o sk\u0142adanie fa\u0142szywych o\u015bwiadcze\u0144 dotycz\u0105cych \u201ebezpiecze\u0144stwa\u201d i \u201eskuteczno\u015bci\u201d szczepie\u0144 mRNA COVID.<\/p>\n\n\n\n<h4 class=\"wp-block-heading has-text-align-center\">TERAZ nadszed\u0142 czas, aby ukara\u0107 zbrodniarzy wojennych stoj\u0105cych za operacj\u0105 Warp Speed<\/h4>\n\n\n\n<p class=\"wp-block-paragraph\">Berset nie chce stawi\u0107 czo\u0142a zarzutom, prawdopodobnie dlatego, \u017ce jest winny, a zamiast tego oficjalnie rezygnuje z urz\u0119du pod koniec roku, mimo \u017ce w zasadzie ju\u017c pozostawi\u0142 wolne miejsce.<\/p>\n\n\n\n<p class=\"wp-block-paragraph\">W filmie dokumentalnym Najadiego i dr Stuckelberger, Najadi szczeg\u00f3\u0142owo wyja\u015bnia pogard\u0119 swojego zmar\u0142ego ojca dla WEF z siedzib\u0105 w Genewie. W rzeczywisto\u015bci jego ojciec opu\u015bci\u0142 WEF, kt\u00f3rego by\u0142 wsp\u00f3\u0142za\u0142o\u017cycielem, na pocz\u0105tku lat 80-tych, pozostawiaj\u0105c Klausa Schwaba na czele.<\/p>\n\n\n\n<p class=\"wp-block-paragraph\">\u201eCa\u0142e z\u0142o na \u015bwiecie, kt\u00f3re ma zwi\u0105zek z ludob\u00f3jstwem, niestety pochodzi z Genewy\u201d \u2013 m\u00f3wi Najadi.<\/p>\n\n\n\n<p class=\"wp-block-paragraph\">\u201eMasz WHO [\u015awiatow\u0105 Organizacj\u0119 Zdrowia] w Genewie, masz GAVI [Sojusz na rzecz Szczepionek Billa Gatesa], a potem masz WEF, kt\u00f3rego wsp\u00f3\u0142za\u0142o\u017cycielem by\u0142 m\u00f3j ojciec i kt\u00f3re Klaus Schwab opu\u015bci\u0142 z obrzydzeniem na pocz\u0105tku lat 80.\u201d.<\/p>\n\n\n\n<p class=\"wp-block-paragraph\">Najadi wyja\u015bnia dalej, \u017ce jako obywatel Szwajcarii mo\u017ce og\u0142osi\u0107, \u017ce WEF nie kwalifikuje si\u0119 do dalszego immunitetu dyplomatycznego, kt\u00f3ry przez d\u0142ugi czas s\u0142u\u017cy\u0142 jako przykrywka dla jego zbrodni przeciwko ludzko\u015bci. Najadi chce, aby szwajcarskie w\u0142adze zacz\u0119\u0142y teraz aresztowa\u0107 sprawc\u00f3w zbrodni przeciwko ludzko\u015bci poprzez szczepienia COVID, kt\u00f3re obejmuj\u0105 \u201eglobalny zastrzyk humanitarny za pomoc\u0105 broni biologicznej\u201d. Big Pharma, Big Tech, WEF, Bill Gates, \u015awiatowa Organizacja Zdrowia (WHO) i wiele innych organizacji kontrolowanych przez globalist\u00f3w jest cz\u0119\u015bciowo odpowiedzialnych za program szczepie\u0144 przeciwko COVID-19, a Najadi chce, aby wszyscy oni stan\u0119li przed s\u0105dem.<\/p>\n\n\n\n<p class=\"wp-block-paragraph\">\u201eWzywam szwajcarskie w\u0142adze i s\u0142u\u017cby bezpiecze\u0144stwa do natychmiastowego aresztowania tych ludzi\u201d \u2013 m\u00f3wi Najadi. \u201eDlaczego? WEF, WHO, GAVI, Big Pharma, Big Tech i Bill Gates byli zwolennikami globalnego zastrzyku ludzko\u015bci za pomoc\u0105 broni biologicznej, kt\u00f3ra wstrzykuje nanolipidy 5,7 miliardom ludzi\u201d.\u201dA my, Szwajcarzy, jeste\u015bmy gospodarzami. To straszne\u201d.<\/p>\n\n\n\n<p class=\"wp-block-paragraph\">Najadi m\u00f3wi, \u017ce zar\u00f3wno on, jak i jego matka s\u0105 ofiarami, poniewa\u017c oboje zostali zaszczepieni, a teraz oboje cierpi\u0105 z tego powodu.<\/p>\n\n\n\n<p class=\"wp-block-paragraph\">\u201eTo ludob\u00f3jstwo i zostanie ono pot\u0119pione\u201d \u2013 kontynuowa\u0142 Najadi. \u201eJest to korygowane w imi\u0119 ludzko\u015bci\u201d.<\/p>\n\n\n\n<p class=\"wp-block-paragraph\">W kontek\u015bcie ameryka\u0144skim patrioci zrobiliby dobrze, gdyby skupili si\u0119 na tym, kto propagowa\u0142 operacj\u0119 Warp Speed i \u015bcigali j\u0105. Wiele z nich to te same nazwiska i organizacje, o kt\u00f3rych wspomnia\u0142 Najadi. To dobry pocz\u0105tek.<\/p>\n\n\n\n<h4 class=\"wp-block-heading has-text-align-center\">Genewa: g\u0142owa w\u0119\u017ca<\/h4>\n\n\n\n<p class=\"wp-block-paragraph\">\u201eCa\u0142e z\u0142o na \u015bwiecie, kt\u00f3re ma zwi\u0105zek z ludob\u00f3jstwem, pochodzi z Genewy\u201d. To cytat z Pascala Najadiego.<\/p>\n\n\n\n<p class=\"wp-block-paragraph\">Wed\u0142ug Najadiego \u201ez\u0142e\u201d organizacje zaanga\u017cowane w ludob\u00f3jstwo \u2013 mordowanie ludzi przez rz\u0105d \u2013 obejmuj\u0105 \u015awiatow\u0105 Organizacj\u0119 Zdrowia, Globalny Sojusz na rzecz Szczepie\u0144 (GAVI) i WEF, z kt\u00f3rych wszystkie maj\u0105 swoje siedziby w Genewie w Szwajcarii. Dlatego nazywa Genew\u0119 \u201eg\u0142ow\u0105 w\u0119\u017ca\u201d. Najadi wzywa teraz szwajcarskie w\u0142adze do aresztowania szef\u00f3w tych organizacji wraz z kierownictwem Big Tech i Big Pharma.<\/p>\n\n\n\n<h4 class=\"wp-block-heading has-text-align-center\">Syndrom genewski<\/h4>\n\n\n\n<p class=\"wp-block-paragraph\">Zgodnie z jej biografi\u0105, Astrid Stuckelberger jest \u201euznanym na ca\u0142ym \u015bwiecie ekspertem w dziedzinie oceny bada\u0144 naukowych dla decydent\u00f3w politycznych, w szczeg\u00f3lno\u015bci w obszarach oceny zdrowia i innowacji, szkole\u0144 w zakresie zarz\u0105dzania pandemicznego i kryzysowego oraz optymalizacji zdrowia i dobrostanu jednostek i populacji\u201d. Jest r\u00f3wnie\u017c autork\u0105 kilkunastu ksi\u0105\u017cek i ponad 180 artyku\u0142\u00f3w naukowych, dokument\u00f3w strategicznych i raport\u00f3w na szczeblu rz\u0105dowym i mi\u0119dzynarodowym. W latach 2010-2020 Stuckelberger by\u0142a r\u00f3wnie\u017c profesorem na uniwersytetach nauk stosowanych w Szwajcarii i wyk\u0142adowc\u0105 na Uniwersytecie w Lozannie. Kiedy zacz\u0119\u0142a wypowiada\u0107 si\u0119 przeciwko narracji COVID-19, jej stanowiska na uniwersytetach zosta\u0142y odwo\u0142ane.<\/p>\n\n\n\n<p class=\"wp-block-paragraph\">Stuckelberger m\u00f3wi o \u201esyndromie genewskim\u201d, jak go nazywa. Oznacza to, \u017ce wi\u0119kszo\u015b\u0107 ludzi pracuj\u0105cych w tych genewskich organizacjach nie rozumie, do czego d\u0105\u017c\u0105, a ci, kt\u00f3rzy rozumiej\u0105, boj\u0105 si\u0119 zabra\u0107 g\u0142os, poniewa\u017c w\u0142adza tych organizacji jest tak wielka.<\/p>\n\n\n\n<p class=\"wp-block-paragraph\">Zamiast tego m\u00f3wi\u0105 zakodowanymi s\u0142owami lub pr\u00f3buj\u0105 u\u015bwiadomi\u0107 ludziom rzeczywisto\u015b\u0107 tego, co jest planowane w spos\u00f3b po\u015bredni. To, co jest planowane, to oczywi\u015bcie rz\u0105d jednego \u015bwiata rz\u0105dzony przez niewybran\u0105 kadr\u0119 technokrat\u00f3w. Program, kt\u00f3ry sta\u0142 si\u0119 widoczny w ci\u0105gu ostatnich trzech lat, by\u0142 opracowywany od dziesi\u0119cioleci, ale zawsze istnia\u0142y pewne pozory prawa i porz\u0105dku, kontroli i r\u00f3wnowagi. <\/p>\n\n\n\n<p class=\"wp-block-paragraph\">To, co widzimy teraz, to fakt, \u017ce osoby zaanga\u017cowane s\u0105 tak o\u015bmielone, \u017ce nie obchodzi ich, \u017ce ludzie widz\u0105, jak lekcewa\u017c\u0105 zasady i zmieniaj\u0105 je, aby dostosowa\u0107 je do w\u0142asnych cel\u00f3w. Na przyk\u0142ad WHO nie ma uprawnie\u0144 do dyktowania rozkaz\u00f3w \u015bwiatu, ale w\u0142a\u015bnie to zrobi\u0142a. Teraz po prostu pr\u00f3buje \u201ezalegalizowa\u0107\u201d swoje przej\u0119cie w\u0142adzy i uczyni\u0107 je trwa\u0142ym, forsuj\u0105c nowy <a href=\"https:\/\/takecontrol.substack.com\/p\/pandemic-treaty-unelected-one-world-government\">traktat pandemiczny<\/a>, zmiany w <a href=\"https:\/\/takecontrol.substack.com\/p\/who-ihr-amendments\">mi\u0119dzynarodowych przepisach zdrowotnych<\/a> i <a href=\"https:\/\/takecontrol.substack.com\/p\/one-health\">One Health<\/a> \u2013 \u017cadne z nich nie mo\u017ce zosta\u0107 poddane pod g\u0142osowanie opinii publicznej.<\/p>\n\n\n\n<h4 class=\"wp-block-heading has-text-align-center\">Dlaczego organizacje Gatesa korzystaj\u0105 z immunitetu dyplomatycznego?<\/h4>\n\n\n\n<p class=\"wp-block-paragraph\">Stuckelberger jako pierwsza publicznie wskaza\u0142a, \u017ce GAVI, sojusz na rzecz szczepionek za\u0142o\u017cony przez Billa Gatesa, korzysta z immunitetu dyplomatycznego w Szwajcarii. Dok\u0142adniej m\u00f3wi\u0105c, GAVI ma \u201ekwalifikowany immunitet dyplomatyczny\u201d, co jest dziwne, bior\u0105c pod uwag\u0119, \u017ce organizacja nie ma w\u0142adzy politycznej, aby to uzasadni\u0107. Jeszcze dziwniejsze jest to, \u017ce klauzule immunitetowe GAVI wykraczaj\u0105 nawet poza te obowi\u0105zuj\u0105ce dyplomat\u00f3w. Immunitet GAVI obejmuje wszystkie aspekty zaanga\u017cowania, w tym przest\u0119pcze relacje biznesowe.<\/p>\n\n\n\n<p class=\"wp-block-paragraph\">\u201eGAVI jest organizacj\u0105 pozarz\u0105dow\u0105, kt\u00f3ra mo\u017ce pracowa\u0107 bez p\u0142acenia podatk\u00f3w, a jednocze\u015bnie ma ca\u0142kowity immunitet za wszystko, co robi \u017ale\u201d. Mog\u0105 robi\u0107, co chc\u0105, bez \u017cadnych konsekwencji. R\u00f3wnie dziwne jest to, \u017ce GAVI jest ca\u0142kowicie zwolniona z podatk\u00f3w. Podsumowuj\u0105c, GAVI jest organizacj\u0105 pozarz\u0105dow\u0105 (NGO), kt\u00f3ra mo\u017ce dzia\u0142a\u0107 w Szwajcarii bez p\u0142acenia podatk\u00f3w, maj\u0105c jednocze\u015bnie ca\u0142kowity immunitet za wszystko, co robi \u017ale, celowo lub w inny spos\u00f3b.<\/p>\n\n\n\n<p class=\"wp-block-paragraph\">Inna organizacja za\u0142o\u017cona i finansowana przez Gatesa z siedzib\u0105 w Genewie \u2013 Globalny Fundusz Walki z AIDS, Gru\u017alic\u0105 i Malari\u0105 \u2013 r\u00f3wnie\u017c korzysta z immunitetu dyplomatycznego. Podobnie jak w przypadku GAVI, umowa mi\u0119dzy Szwajcarsk\u0105 Rad\u0105 Federaln\u0105 a Globalnym Funduszem zawiera artyku\u0142y, kt\u00f3re okre\u015blaj\u0105 \u201enienaruszalno\u015b\u0107\u201d jego pomieszcze\u0144 i archiw\u00f3w.<\/p>\n\n\n\n<p class=\"wp-block-paragraph\">\u017baden przedstawiciel w\u0142adz szwajcarskich nie mo\u017ce wej\u015b\u0107 do nich ani ich przeszuka\u0107 bez wyra\u017anej zgody dyrektora zarz\u0105dzaj\u0105cego organizacji. Ich archiwa nie mog\u0105 by\u0107 przeszukiwane, niezale\u017cnie od tego, gdzie si\u0119 znajduj\u0105, a \u201ew wykonywaniu swojej dzia\u0142alno\u015bci\u201d organizacje korzystaj\u0105 z \u201eimmunitetu od wszelkich form \u015bcigania i egzekucji\u201d. Jedyn\u0105 osob\u0105, kt\u00f3ra mo\u017ce zrzec si\u0119 tego immunitetu, jest sam dyrektor lub jego upowa\u017cniony przedstawiciel. Ale je\u015bli jeste\u015b zaanga\u017cowany w dzia\u0142alno\u015b\u0107 przest\u0119pcz\u0105, czy zrzek\u0142by\u015b si\u0119 immunitetu przed przeszukaniem, zaj\u0119ciem i \u015bciganiem?<\/p>\n\n\n\n<p class=\"wp-block-paragraph\">Samo w\u0142\u0105czenie tego artyku\u0142u m\u00f3wi wiele. Tego w\u0142a\u015bnie by\u015b chcia\u0142, gdyby\u015b wiedzia\u0142, \u017ce to, co robisz, mo\u017ce pr\u0119dzej czy p\u00f3\u017aniej wp\u0119dzi\u0107 Ci\u0119 w k\u0142opoty prawne. Jednym z niewielu wyj\u0105tk\u00f3w od \u017celaznej klauzuli immunitetowej jest odpowiedzialno\u015b\u0107 cywilna za szkody spowodowane przez pojazd nale\u017c\u0105cy do firmy.<\/p>\n\n\n\n<h4 class=\"wp-block-heading has-text-align-center\">Pa\u0144stwo narodowe Gates\u00f3w<\/h4>\n\n\n\n<p class=\"wp-block-paragraph\">W swoich <a href=\"https:\/\/takecontrol.substack.com\/p\/gavi-bill-gates-world-health-organization\">zeznaniach z\u0142o\u017conych w 2021 r.<\/a> przed niemieck\u0105 pozaparlamentarn\u0105 komisj\u0105 \u015bledcz\u0105 ds. koronawirusa, Stuckelberger odnios\u0142a si\u0119 r\u00f3wnie\u017c do bardzo nietypowego porozumienia mi\u0119dzy WHO, Gatesem i Swissmedic (Szwajcarsk\u0105 Agencj\u0105 ds. \u017bywno\u015bci i Lek\u00f3w). Wed\u0142ug Stuckelberger, Gates ubiega\u0142 si\u0119 o miejsce w zarz\u0105dzie WHO w 2017 roku, rzekomo dlatego, \u017ce jest jednym z najwi\u0119kszych darczy\u0144c\u00f3w organizacji. Zasadniczo chcia\u0142 uzyska\u0107 status pa\u0144stwa cz\u0142onkowskiego jako osoba fizyczna. <\/p>\n\n\n\n<p class=\"wp-block-paragraph\">Nie ma dowod\u00f3w na to, \u017ce Gates kiedykolwiek otrzyma\u0142 ten status, ale nadal mo\u017ce mie\u0107 wi\u0119ksz\u0105 w\u0142adz\u0119 nad WHO, ni\u017c uprawnia go do tego jego finansowanie. Zasadniczo wydaje si\u0119, \u017ce kiedy Gates nie zosta\u0142 wybrany jako jednoosobowe pa\u0144stwo narodowe, zamiast tego zawar\u0142 tr\u00f3jstronne umowy z pa\u0144stwami cz\u0142onkowskimi i WHO, zasadniczo stawiaj\u0105c si\u0119 na r\u00f3wni z WHO. Wed\u0142ug Stuckelberger, jedna z tych tr\u00f3jstronnych um\u00f3w zosta\u0142a zawarta mi\u0119dzy Gatesem, WHO i Swissmedic.<\/p>\n\n\n\n<p class=\"wp-block-paragraph\">Umowa ta jest kolejnym dowodem na to, \u017ce partnerstwa publiczno-prywatne zosta\u0142y przej\u0119te przez prywatne interesy, kt\u00f3re ciesz\u0105 si\u0119 tak\u0105 sam\u0105 lub nawet wi\u0119ksz\u0105 ochron\u0105 przed odpowiedzialno\u015bci\u0105 ni\u017c pa\u0144stwa narodowe!<\/p>\n\n\n\n<h4 class=\"wp-block-heading has-text-align-center\">Budowanie globalnego ruchu \u201eMy, ludzie\u201d<\/h4>\n\n\n\n<p class=\"wp-block-paragraph\">Najadi podkre\u015bla, \u017ce Szwajcaria musi powr\u00f3ci\u0107 do swoich neutralnych korzeni. \u201eSzwajcarska neutralno\u015b\u0107 musi zosta\u0107 przywr\u00f3cona\u201d, m\u00f3wi, a po jej przywr\u00f3ceniu kraj nie mo\u017ce ju\u017c nigdy pozwoli\u0107 instytucjom takim jak WEF, WHO i GAVI na zdobycie przycz\u00f3\u0142ka.<\/p>\n\n\n\n<p class=\"wp-block-paragraph\">\u201eG\u0142owa w\u0119\u017ca znajduje si\u0119 w Genewie\u201d, m\u00f3wi Najadi. \u201eNazywam go bezpo\u015brednim, wyra\u017anym i obecnym zagro\u017ceniem dla Szwajcar\u00f3w. Ale mog\u0119 powiedzie\u0107, \u017ce zostanie odci\u0119ta. Kiedy masz domek z kart \u2026 przest\u0119pczego [podmiotu] \u2026 jedna karta wyci\u0105gni\u0119ta przez wymiar sprawiedliwo\u015bci i ca\u0142y domek z kart si\u0119 zawali.\u201d<\/p>\n\n\n\n<p class=\"wp-block-paragraph\">Ale sama nadzieja nie wystarczy. Wszyscy musz\u0105 teraz zmieni\u0107 zdanie. Wszyscy zaszczepieni, wstrzykni\u0119ci, kt\u00f3rzy wiedz\u0105, \u017ce s\u0105 zatruci \u2013 jeste\u015bmy masami. Jeste\u015bmy miliardami ludzi. Wsta\u0144my i powiedzmy: \u201eStop. Nie podporz\u0105dkujemy si\u0119. Poniewa\u017c jeste\u015bmy stra\u017cnikami ludzko\u015bci, a nasze \u015bwiat\u0142o rozprasza ciemno\u015b\u0107 z\u0142a.<\/p>\n","protected":false},"excerpt":{"rendered":"<p>Syn jednego ze wsp\u00f3\u0142za\u0142o\u017cycieli \u015awiatowego Forum Ekonomicznego (WEF), obecnie emerytowany szwajcarski bankier, wzywa do wymierzenia sprawiedliwo\u015bci przest\u0119pcom, kt\u00f3rzy wypu\u015bcili na \u015bwiat \u201eszczepionki\u201d przeciwko koronawirusowi Wuhan (COVID-19).<span class=\"excerpt-hellip\"> [\u2026]<\/span><\/p>\n","protected":false},"author":1,"featured_media":24922,"comment_status":"closed","ping_status":"open","sticky":false,"template":"","format":"standard","meta":{"_daam_enable_autolinks":"1","_jetpack_newsletter_access":"","_jetpack_dont_email_post_to_subs":false,"_jetpack_newsletter_tier_id":0,"_jetpack_memberships_contains_paywalled_content":false,"_jetpack_feature_clip_id":0,"_jetpack_memberships_contains_paid_content":false,"footnotes":"","jetpack_post_was_ever_published":false},"categories":[19],"tags":[],"class_list":["post-24921","post","type-post","status-publish","format-standard","has-post-thumbnail","hentry","category-swiat-jest-inny"],"yoast_head":"<!-- This site is optimized with the Yoast SEO plugin v28.3 - https:\/\/yoast.com\/product\/yoast-seo-wordpress\/ -->\n<title>PA\u0143STWO NARODOWE GATES\u00d3W - \u015aWIAT WZYWA DO &#039;&#039;ARESZTOWANIA&#039;&#039; \u015aWIATOWEGO FORUM EKONOMICZNEGO - Globalna \u015awiadomo\u015b\u0107<\/title>\n<meta name=\"robots\" content=\"index, follow, max-snippet:-1, max-image-preview:large, max-video-preview:-1\" \/>\n<link rel=\"canonical\" href=\"https:\/\/globalna.info\/en\/2026\/03\/30\/panstwo-narodowe-gatesow-swiat-wzywa-do-aresztowania-swiatowego-forum-ekonomicznego\/\" \/>\n<meta property=\"og:locale\" content=\"en_GB\" \/>\n<meta property=\"og:type\" content=\"article\" \/>\n<meta property=\"og:title\" content=\"PA\u0143STWO NARODOWE GATES\u00d3W - \u015aWIAT WZYWA DO &#039;&#039;ARESZTOWANIA&#039;&#039; \u015aWIATOWEGO FORUM EKONOMICZNEGO - Globalna \u015awiadomo\u015b\u0107\" \/>\n<meta property=\"og:description\" content=\"Syn jednego ze wsp\u00f3\u0142za\u0142o\u017cycieli \u015awiatowego Forum Ekonomicznego (WEF), obecnie emerytowany szwajcarski bankier, wzywa do wymierzenia sprawiedliwo\u015bci przest\u0119pcom, kt\u00f3rzy wypu\u015bcili na \u015bwiat \u201eszczepionki\u201d przeciwko koronawirusowi Wuhan (COVID-19). [\u2026]\" \/>\n<meta property=\"og:url\" content=\"https:\/\/globalna.info\/en\/2026\/03\/30\/panstwo-narodowe-gatesow-swiat-wzywa-do-aresztowania-swiatowego-forum-ekonomicznego\/\" \/>\n<meta property=\"og:site_name\" content=\"Globalna \u015awiadomo\u015b\u0107\" \/>\n<meta property=\"article:publisher\" content=\"https:\/\/www.facebook.com\/globalna.info\/\" \/>\n<meta property=\"article:published_time\" content=\"2026-03-30T14:27:24+00:00\" \/>\n<meta property=\"og:image\" content=\"https:\/\/globalna.info\/wp-content\/uploads\/2024\/02\/image_NnGlZf_F_1696103265663_512.webp\" \/>\n\t<meta property=\"og:image:width\" content=\"512\" \/>\n\t<meta property=\"og:image:height\" content=\"512\" \/>\n\t<meta property=\"og:image:type\" content=\"image\/webp\" \/>\n<meta name=\"author\" content=\"Globalna \u015awiadomo\u015b\u0107\" \/>\n<meta name=\"twitter:card\" content=\"summary_large_image\" \/>\n<meta name=\"twitter:creator\" content=\"@globalna_info\" \/>\n<meta name=\"twitter:site\" content=\"@globalna_info\" \/>\n<meta name=\"twitter:label1\" content=\"Written by\" \/>\n\t<meta name=\"twitter:data1\" content=\"Globalna \u015awiadomo\u015b\u0107\" \/>\n\t<meta name=\"twitter:label2\" content=\"Estimated reading time\" \/>\n\t<meta name=\"twitter:data2\" content=\"9 minutes\" \/>\n<script type=\"application\/ld+json\" class=\"yoast-schema-graph\">{\"@context\":\"https:\\\/\\\/schema.org\",\"@graph\":[{\"@type\":\"Article\",\"@id\":\"https:\\\/\\\/globalna.info\\\/2026\\\/03\\\/30\\\/panstwo-narodowe-gatesow-swiat-wzywa-do-aresztowania-swiatowego-forum-ekonomicznego\\\/#article\",\"isPartOf\":{\"@id\":\"https:\\\/\\\/globalna.info\\\/2026\\\/03\\\/30\\\/panstwo-narodowe-gatesow-swiat-wzywa-do-aresztowania-swiatowego-forum-ekonomicznego\\\/\"},\"author\":{\"name\":\"Globalna \u015awiadomo\u015b\u0107\",\"@id\":\"https:\\\/\\\/globalna.info\\\/#\\\/schema\\\/person\\\/63d6d4bbc6cc7167b37363521107c844\"},\"headline\":\"PA\u0143STWO NARODOWE GATES\u00d3W &#8211; \u015aWIAT WZYWA DO &#8221;ARESZTOWANIA&#8221; \u015aWIATOWEGO FORUM EKONOMICZNEGO\",\"datePublished\":\"2026-03-30T14:27:24+00:00\",\"mainEntityOfPage\":{\"@id\":\"https:\\\/\\\/globalna.info\\\/2026\\\/03\\\/30\\\/panstwo-narodowe-gatesow-swiat-wzywa-do-aresztowania-swiatowego-forum-ekonomicznego\\\/\"},\"wordCount\":1788,\"publisher\":{\"@id\":\"https:\\\/\\\/globalna.info\\\/#organization\"},\"image\":{\"@id\":\"https:\\\/\\\/globalna.info\\\/2026\\\/03\\\/30\\\/panstwo-narodowe-gatesow-swiat-wzywa-do-aresztowania-swiatowego-forum-ekonomicznego\\\/#primaryimage\"},\"thumbnailUrl\":\"https:\\\/\\\/i0.wp.com\\\/globalna.info\\\/wp-content\\\/uploads\\\/2024\\\/02\\\/image_NnGlZf_F_1696103265663_512.webp?fit=512%2C512&ssl=1\",\"articleSection\":[\"\u015awiat jest inny\"],\"inLanguage\":\"en-GB\"},{\"@type\":\"WebPage\",\"@id\":\"https:\\\/\\\/globalna.info\\\/2026\\\/03\\\/30\\\/panstwo-narodowe-gatesow-swiat-wzywa-do-aresztowania-swiatowego-forum-ekonomicznego\\\/\",\"url\":\"https:\\\/\\\/globalna.info\\\/2026\\\/03\\\/30\\\/panstwo-narodowe-gatesow-swiat-wzywa-do-aresztowania-swiatowego-forum-ekonomicznego\\\/\",\"name\":\"PA\u0143STWO NARODOWE GATES\u00d3W - \u015aWIAT WZYWA DO ''ARESZTOWANIA'' \u015aWIATOWEGO FORUM EKONOMICZNEGO - Globalna \u015awiadomo\u015b\u0107\",\"isPartOf\":{\"@id\":\"https:\\\/\\\/globalna.info\\\/#website\"},\"primaryImageOfPage\":{\"@id\":\"https:\\\/\\\/globalna.info\\\/2026\\\/03\\\/30\\\/panstwo-narodowe-gatesow-swiat-wzywa-do-aresztowania-swiatowego-forum-ekonomicznego\\\/#primaryimage\"},\"image\":{\"@id\":\"https:\\\/\\\/globalna.info\\\/2026\\\/03\\\/30\\\/panstwo-narodowe-gatesow-swiat-wzywa-do-aresztowania-swiatowego-forum-ekonomicznego\\\/#primaryimage\"},\"thumbnailUrl\":\"https:\\\/\\\/i0.wp.com\\\/globalna.info\\\/wp-content\\\/uploads\\\/2024\\\/02\\\/image_NnGlZf_F_1696103265663_512.webp?fit=512%2C512&ssl=1\",\"datePublished\":\"2026-03-30T14:27:24+00:00\",\"breadcrumb\":{\"@id\":\"https:\\\/\\\/globalna.info\\\/2026\\\/03\\\/30\\\/panstwo-narodowe-gatesow-swiat-wzywa-do-aresztowania-swiatowego-forum-ekonomicznego\\\/#breadcrumb\"},\"inLanguage\":\"en-GB\",\"potentialAction\":[{\"@type\":\"ReadAction\",\"target\":[\"https:\\\/\\\/globalna.info\\\/2026\\\/03\\\/30\\\/panstwo-narodowe-gatesow-swiat-wzywa-do-aresztowania-swiatowego-forum-ekonomicznego\\\/\"]}]},{\"@type\":\"ImageObject\",\"inLanguage\":\"en-GB\",\"@id\":\"https:\\\/\\\/globalna.info\\\/2026\\\/03\\\/30\\\/panstwo-narodowe-gatesow-swiat-wzywa-do-aresztowania-swiatowego-forum-ekonomicznego\\\/#primaryimage\",\"url\":\"https:\\\/\\\/i0.wp.com\\\/globalna.info\\\/wp-content\\\/uploads\\\/2024\\\/02\\\/image_NnGlZf_F_1696103265663_512.webp?fit=512%2C512&ssl=1\",\"contentUrl\":\"https:\\\/\\\/i0.wp.com\\\/globalna.info\\\/wp-content\\\/uploads\\\/2024\\\/02\\\/image_NnGlZf_F_1696103265663_512.webp?fit=512%2C512&ssl=1\",\"width\":512,\"height\":512},{\"@type\":\"BreadcrumbList\",\"@id\":\"https:\\\/\\\/globalna.info\\\/2026\\\/03\\\/30\\\/panstwo-narodowe-gatesow-swiat-wzywa-do-aresztowania-swiatowego-forum-ekonomicznego\\\/#breadcrumb\",\"itemListElement\":[{\"@type\":\"ListItem\",\"position\":1,\"name\":\"Strona g\u0142\u00f3wna\",\"item\":\"https:\\\/\\\/globalna.info\\\/\"},{\"@type\":\"ListItem\",\"position\":2,\"name\":\"PA\u0143STWO NARODOWE GATES\u00d3W &#8211; \u015aWIAT WZYWA DO &#8221;ARESZTOWANIA&#8221; \u015aWIATOWEGO FORUM EKONOMICZNEGO\"}]},{\"@type\":\"WebSite\",\"@id\":\"https:\\\/\\\/globalna.info\\\/#website\",\"url\":\"https:\\\/\\\/globalna.info\\\/\",\"name\":\"Globalna \u015awiadomo\u015b\u0107 portal wiedzy alternatywnej\",\"description\":\"\u015awiat Jest Inny\",\"publisher\":{\"@id\":\"https:\\\/\\\/globalna.info\\\/#organization\"},\"potentialAction\":[{\"@type\":\"SearchAction\",\"target\":{\"@type\":\"EntryPoint\",\"urlTemplate\":\"https:\\\/\\\/globalna.info\\\/?s={search_term_string}\"},\"query-input\":{\"@type\":\"PropertyValueSpecification\",\"valueRequired\":true,\"valueName\":\"search_term_string\"}}],\"inLanguage\":\"en-GB\"},{\"@type\":\"Organization\",\"@id\":\"https:\\\/\\\/globalna.info\\\/#organization\",\"name\":\"Globalna \u015awiadomo\u015b\u0107\",\"url\":\"https:\\\/\\\/globalna.info\\\/\",\"logo\":{\"@type\":\"ImageObject\",\"inLanguage\":\"en-GB\",\"@id\":\"https:\\\/\\\/globalna.info\\\/#\\\/schema\\\/logo\\\/image\\\/\",\"url\":\"https:\\\/\\\/i0.wp.com\\\/globalna.info\\\/wp-content\\\/uploads\\\/2023\\\/07\\\/cropped-GS-logo-final-1-fb-1.jpg?fit=1890%2C630&ssl=1\",\"contentUrl\":\"https:\\\/\\\/i0.wp.com\\\/globalna.info\\\/wp-content\\\/uploads\\\/2023\\\/07\\\/cropped-GS-logo-final-1-fb-1.jpg?fit=1890%2C630&ssl=1\",\"width\":1890,\"height\":630,\"caption\":\"Globalna \u015awiadomo\u015b\u0107\"},\"image\":{\"@id\":\"https:\\\/\\\/globalna.info\\\/#\\\/schema\\\/logo\\\/image\\\/\"},\"sameAs\":[\"https:\\\/\\\/www.facebook.com\\\/globalna.info\\\/\",\"https:\\\/\\\/x.com\\\/globalna_info\",\"https:\\\/\\\/www.instagram.com\\\/global_awarness_poland\\\/?hl=pl\"]},{\"@type\":\"Person\",\"@id\":\"https:\\\/\\\/globalna.info\\\/#\\\/schema\\\/person\\\/63d6d4bbc6cc7167b37363521107c844\",\"name\":\"Globalna \u015awiadomo\u015b\u0107\",\"image\":{\"@type\":\"ImageObject\",\"inLanguage\":\"en-GB\",\"@id\":\"https:\\\/\\\/secure.gravatar.com\\\/avatar\\\/bfa1874e30b0bc00ee62d40120daec88f60e306105d661025fdd175d903f368a?s=96&d=mm&r=g\",\"url\":\"https:\\\/\\\/secure.gravatar.com\\\/avatar\\\/bfa1874e30b0bc00ee62d40120daec88f60e306105d661025fdd175d903f368a?s=96&d=mm&r=g\",\"contentUrl\":\"https:\\\/\\\/secure.gravatar.com\\\/avatar\\\/bfa1874e30b0bc00ee62d40120daec88f60e306105d661025fdd175d903f368a?s=96&d=mm&r=g\",\"caption\":\"Globalna \u015awiadomo\u015b\u0107\"}}]}<\/script>\n<!-- \/ Yoast SEO plugin. -->","yoast_head_json":{"title":"PA\u0143STWO NARODOWE GATES\u00d3W - \u015aWIAT WZYWA DO ''ARESZTOWANIA'' \u015aWIATOWEGO FORUM EKONOMICZNEGO - Globalna \u015awiadomo\u015b\u0107","robots":{"index":"index","follow":"follow","max-snippet":"max-snippet:-1","max-image-preview":"max-image-preview:large","max-video-preview":"max-video-preview:-1"},"canonical":"https:\/\/globalna.info\/en\/2026\/03\/30\/panstwo-narodowe-gatesow-swiat-wzywa-do-aresztowania-swiatowego-forum-ekonomicznego\/","og_locale":"en_GB","og_type":"article","og_title":"PA\u0143STWO NARODOWE GATES\u00d3W - \u015aWIAT WZYWA DO ''ARESZTOWANIA'' \u015aWIATOWEGO FORUM EKONOMICZNEGO - Globalna \u015awiadomo\u015b\u0107","og_description":"Syn jednego ze wsp\u00f3\u0142za\u0142o\u017cycieli \u015awiatowego Forum Ekonomicznego (WEF), obecnie emerytowany szwajcarski bankier, wzywa do wymierzenia sprawiedliwo\u015bci przest\u0119pcom, kt\u00f3rzy wypu\u015bcili na \u015bwiat \u201eszczepionki\u201d przeciwko koronawirusowi Wuhan (COVID-19). [\u2026]","og_url":"https:\/\/globalna.info\/en\/2026\/03\/30\/panstwo-narodowe-gatesow-swiat-wzywa-do-aresztowania-swiatowego-forum-ekonomicznego\/","og_site_name":"Globalna \u015awiadomo\u015b\u0107","article_publisher":"https:\/\/www.facebook.com\/globalna.info\/","article_published_time":"2026-03-30T14:27:24+00:00","og_image":[{"width":512,"height":512,"url":"https:\/\/globalna.info\/wp-content\/uploads\/2024\/02\/image_NnGlZf_F_1696103265663_512.webp","type":"image\/webp"}],"author":"Globalna \u015awiadomo\u015b\u0107","twitter_card":"summary_large_image","twitter_creator":"@globalna_info","twitter_site":"@globalna_info","twitter_misc":{"Written by":"Globalna \u015awiadomo\u015b\u0107","Estimated reading time":"9 minutes"},"schema":{"@context":"https:\/\/schema.org","@graph":[{"@type":"Article","@id":"https:\/\/globalna.info\/2026\/03\/30\/panstwo-narodowe-gatesow-swiat-wzywa-do-aresztowania-swiatowego-forum-ekonomicznego\/#article","isPartOf":{"@id":"https:\/\/globalna.info\/2026\/03\/30\/panstwo-narodowe-gatesow-swiat-wzywa-do-aresztowania-swiatowego-forum-ekonomicznego\/"},"author":{"name":"Globalna \u015awiadomo\u015b\u0107","@id":"https:\/\/globalna.info\/#\/schema\/person\/63d6d4bbc6cc7167b37363521107c844"},"headline":"PA\u0143STWO NARODOWE GATES\u00d3W &#8211; \u015aWIAT WZYWA DO &#8221;ARESZTOWANIA&#8221; \u015aWIATOWEGO FORUM EKONOMICZNEGO","datePublished":"2026-03-30T14:27:24+00:00","mainEntityOfPage":{"@id":"https:\/\/globalna.info\/2026\/03\/30\/panstwo-narodowe-gatesow-swiat-wzywa-do-aresztowania-swiatowego-forum-ekonomicznego\/"},"wordCount":1788,"publisher":{"@id":"https:\/\/globalna.info\/#organization"},"image":{"@id":"https:\/\/globalna.info\/2026\/03\/30\/panstwo-narodowe-gatesow-swiat-wzywa-do-aresztowania-swiatowego-forum-ekonomicznego\/#primaryimage"},"thumbnailUrl":"https:\/\/i0.wp.com\/globalna.info\/wp-content\/uploads\/2024\/02\/image_NnGlZf_F_1696103265663_512.webp?fit=512%2C512&ssl=1","articleSection":["\u015awiat jest inny"],"inLanguage":"en-GB"},{"@type":"WebPage","@id":"https:\/\/globalna.info\/2026\/03\/30\/panstwo-narodowe-gatesow-swiat-wzywa-do-aresztowania-swiatowego-forum-ekonomicznego\/","url":"https:\/\/globalna.info\/2026\/03\/30\/panstwo-narodowe-gatesow-swiat-wzywa-do-aresztowania-swiatowego-forum-ekonomicznego\/","name":"PA\u0143STWO NARODOWE GATES\u00d3W - \u015aWIAT WZYWA DO ''ARESZTOWANIA'' \u015aWIATOWEGO FORUM EKONOMICZNEGO - Globalna \u015awiadomo\u015b\u0107","isPartOf":{"@id":"https:\/\/globalna.info\/#website"},"primaryImageOfPage":{"@id":"https:\/\/globalna.info\/2026\/03\/30\/panstwo-narodowe-gatesow-swiat-wzywa-do-aresztowania-swiatowego-forum-ekonomicznego\/#primaryimage"},"image":{"@id":"https:\/\/globalna.info\/2026\/03\/30\/panstwo-narodowe-gatesow-swiat-wzywa-do-aresztowania-swiatowego-forum-ekonomicznego\/#primaryimage"},"thumbnailUrl":"https:\/\/i0.wp.com\/globalna.info\/wp-content\/uploads\/2024\/02\/image_NnGlZf_F_1696103265663_512.webp?fit=512%2C512&ssl=1","datePublished":"2026-03-30T14:27:24+00:00","breadcrumb":{"@id":"https:\/\/globalna.info\/2026\/03\/30\/panstwo-narodowe-gatesow-swiat-wzywa-do-aresztowania-swiatowego-forum-ekonomicznego\/#breadcrumb"},"inLanguage":"en-GB","potentialAction":[{"@type":"ReadAction","target":["https:\/\/globalna.info\/2026\/03\/30\/panstwo-narodowe-gatesow-swiat-wzywa-do-aresztowania-swiatowego-forum-ekonomicznego\/"]}]},{"@type":"ImageObject","inLanguage":"en-GB","@id":"https:\/\/globalna.info\/2026\/03\/30\/panstwo-narodowe-gatesow-swiat-wzywa-do-aresztowania-swiatowego-forum-ekonomicznego\/#primaryimage","url":"https:\/\/i0.wp.com\/globalna.info\/wp-content\/uploads\/2024\/02\/image_NnGlZf_F_1696103265663_512.webp?fit=512%2C512&ssl=1","contentUrl":"https:\/\/i0.wp.com\/globalna.info\/wp-content\/uploads\/2024\/02\/image_NnGlZf_F_1696103265663_512.webp?fit=512%2C512&ssl=1","width":512,"height":512},{"@type":"BreadcrumbList","@id":"https:\/\/globalna.info\/2026\/03\/30\/panstwo-narodowe-gatesow-swiat-wzywa-do-aresztowania-swiatowego-forum-ekonomicznego\/#breadcrumb","itemListElement":[{"@type":"ListItem","position":1,"name":"Strona g\u0142\u00f3wna","item":"https:\/\/globalna.info\/"},{"@type":"ListItem","position":2,"name":"PA\u0143STWO NARODOWE GATES\u00d3W &#8211; \u015aWIAT WZYWA DO &#8221;ARESZTOWANIA&#8221; \u015aWIATOWEGO FORUM EKONOMICZNEGO"}]},{"@type":"WebSite","@id":"https:\/\/globalna.info\/#website","url":"https:\/\/globalna.info\/","name":"Globalna \u015awiadomo\u015b\u0107 portal wiedzy alternatywnej","description":"\u015awiat Jest Inny","publisher":{"@id":"https:\/\/globalna.info\/#organization"},"potentialAction":[{"@type":"SearchAction","target":{"@type":"EntryPoint","urlTemplate":"https:\/\/globalna.info\/?s={search_term_string}"},"query-input":{"@type":"PropertyValueSpecification","valueRequired":true,"valueName":"search_term_string"}}],"inLanguage":"en-GB"},{"@type":"Organization","@id":"https:\/\/globalna.info\/#organization","name":"Globalna \u015awiadomo\u015b\u0107","url":"https:\/\/globalna.info\/","logo":{"@type":"ImageObject","inLanguage":"en-GB","@id":"https:\/\/globalna.info\/#\/schema\/logo\/image\/","url":"https:\/\/i0.wp.com\/globalna.info\/wp-content\/uploads\/2023\/07\/cropped-GS-logo-final-1-fb-1.jpg?fit=1890%2C630&ssl=1","contentUrl":"https:\/\/i0.wp.com\/globalna.info\/wp-content\/uploads\/2023\/07\/cropped-GS-logo-final-1-fb-1.jpg?fit=1890%2C630&ssl=1","width":1890,"height":630,"caption":"Globalna \u015awiadomo\u015b\u0107"},"image":{"@id":"https:\/\/globalna.info\/#\/schema\/logo\/image\/"},"sameAs":["https:\/\/www.facebook.com\/globalna.info\/","https:\/\/x.com\/globalna_info","https:\/\/www.instagram.com\/global_awarness_poland\/?hl=pl"]},{"@type":"Person","@id":"https:\/\/globalna.info\/#\/schema\/person\/63d6d4bbc6cc7167b37363521107c844","name":"Globalna \u015awiadomo\u015b\u0107","image":{"@type":"ImageObject","inLanguage":"en-GB","@id":"https:\/\/secure.gravatar.com\/avatar\/bfa1874e30b0bc00ee62d40120daec88f60e306105d661025fdd175d903f368a?s=96&d=mm&r=g","url":"https:\/\/secure.gravatar.com\/avatar\/bfa1874e30b0bc00ee62d40120daec88f60e306105d661025fdd175d903f368a?s=96&d=mm&r=g","contentUrl":"https:\/\/secure.gravatar.com\/avatar\/bfa1874e30b0bc00ee62d40120daec88f60e306105d661025fdd175d903f368a?s=96&d=mm&r=g","caption":"Globalna \u015awiadomo\u015b\u0107"}}]}},"jetpack_sharing_enabled":true,"jetpack_featured_media_url":"https:\/\/i0.wp.com\/globalna.info\/wp-content\/uploads\/2024\/02\/image_NnGlZf_F_1696103265663_512.webp?fit=512%2C512&ssl=1","_links":{"self":[{"href":"https:\/\/globalna.info\/en\/wp-json\/wp\/v2\/posts\/24921","targetHints":{"allow":["GET"]}}],"collection":[{"href":"https:\/\/globalna.info\/en\/wp-json\/wp\/v2\/posts"}],"about":[{"href":"https:\/\/globalna.info\/en\/wp-json\/wp\/v2\/types\/post"}],"author":[{"embeddable":true,"href":"https:\/\/globalna.info\/en\/wp-json\/wp\/v2\/users\/1"}],"replies":[{"embeddable":true,"href":"https:\/\/globalna.info\/en\/wp-json\/wp\/v2\/comments?post=24921"}],"version-history":[{"count":0,"href":"https:\/\/globalna.info\/en\/wp-json\/wp\/v2\/posts\/24921\/revisions"}],"wp:featuredmedia":[{"embeddable":true,"href":"https:\/\/globalna.info\/en\/wp-json\/wp\/v2\/media\/24922"}],"wp:attachment":[{"href":"https:\/\/globalna.info\/en\/wp-json\/wp\/v2\/media?parent=24921"}],"wp:term":[{"taxonomy":"category","embeddable":true,"href":"https:\/\/globalna.info\/en\/wp-json\/wp\/v2\/categories?post=24921"},{"taxonomy":"post_tag","embeddable":true,"href":"https:\/\/globalna.info\/en\/wp-json\/wp\/v2\/tags?post=24921"}],"curies":[{"name":"wp","href":"https:\/\/api.w.org\/{rel}","templated":true}]}}