{"id":24960,"date":"2026-03-30T16:28:21","date_gmt":"2026-03-30T14:28:21","guid":{"rendered":"https:\/\/globalna.info\/?p=24960"},"modified":"2026-03-30T16:28:21","modified_gmt":"2026-03-30T14:28:21","slug":"transformacja-zywieniowa-do-2030-co-bedziesz-jadl-w-przyszlosci","status":"publish","type":"post","link":"https:\/\/globalna.info\/en\/2026\/03\/30\/transformacja-zywieniowa-do-2030-co-bedziesz-jadl-w-przyszlosci\/","title":{"rendered":"TRANSFORMACJA \u017bYWIENIOWA DO 2030 &#8211; CO B\u0118DZIESZ JAD\u0141 W PRZYSZ\u0141O\u015aCI ?"},"content":{"rendered":"<p class=\"wp-block-paragraph\">Na pocz\u0105tku 2020 r., w \u015brodku blokad covidowych, niebieskie stany zarz\u0105dzane przez lewicowych gubernator\u00f3w realizowa\u0142y mandaty ze skrajnym uprzedzeniem. W czerwonych stanach, takich jak Montana, po pierwszym miesi\u0105cu lub dw\u00f3ch wi\u0119kszo\u015b\u0107 z nas po prostu zignorowa\u0142a ograniczenia i kontynuowa\u0142a normalne \u017cycie. By\u0142o jasne, \u017ce COVID-19 nie by\u0142 zagro\u017ceniem, za jakie uwa\u017ca\u0142y go w\u0142adze federalne. Jednak w stanach takich jak Michigan obyczajowo\u015b\u0107 by\u0142a coraz bardziej zacie\u015bniana pod kierownictwem podejrzanych przyw\u00f3dc\u00f3w, takich jak Gretchen Whitmer.<\/p>\n\n\n\n<p class=\"wp-block-paragraph\">Whitmer wykorzysta\u0142 pandemi\u0119 jako okazj\u0119 do na\u0142o\u017cenia na spo\u0142ecze\u0144stwo dziwnych ogranicze\u0144, w tym zakazu\u00a0<strong>zabraniaj\u0105cego wi\u0119kszym sklepom<\/strong><a href=\"https:\/\/gloria.tv\/go\/JwgN7ecTXsJ0qa0RTkTRl7TfOuG4Yko79oP31IizFN5iYWmQEdyz42Q2Dnr8zFCo98CyYiFlL2ZcUvqrD0UWxus5cvfcbEmvQByg6PldLTQUqNybmtTb8InAtfsbT3PBTnJE44wMh3pjoXyr6UPYaZtX8z4MSksmu3p8EP4mNy3xkyjETzvkO3xEM5oTyTsRzeq0IygYzW\" target=\"_blank\" rel=\"noreferrer noopener\"> sprzeda\u017cy <\/a><strong>klientom nasion i artyku\u0142\u00f3w ogrodniczych<em>. &#8222;<\/em><\/strong><em>Je\u015bli nie kupujesz \u017cywno\u015bci, lekarstw lub innych niezb\u0119dnych artyku\u0142\u00f3w, nie powiniene\u015b i\u015b\u0107 do sklepu<\/em>&#8221; &#8211; powiedzia\u0142a Whitmer, og\u0142aszaj\u0105c swoje zarz\u0105dzenie. Lewicowa gubernator nie mia\u0142a nic przeciwko zakupom los\u00f3w na loteri\u0119 i alkoholu, ale zabrania\u0142; narz\u0119dzi ogrodniczych i nasion.<\/p>\n\n\n\n<p class=\"wp-block-paragraph\">Nigdy nie poda\u0142a logicznego powodu, dla kt\u00f3rego celowa\u0142a w artyku\u0142y ogrodnicze, ale wi\u0119kszo\u015b\u0107 ludzi w spo\u0142eczno\u015bci bardzo dobrze rozumia\u0142a, o co w tym wszystkim chodzi: B<strong>y\u0142 to test beta dla szerszych ogranicze\u0144 niezale\u017cno\u015bci \u017cywno\u015bciowej.<\/strong>&nbsp;W 2020 roku w mediach pojawi\u0142a si\u0119 powszechna retoryka atakuj\u0105ca ka\u017cdego, kto gromadzi zapasy artyku\u0142\u00f3w pierwszej potrzeby jako &#8222;zbieraczy&#8221;, a teraz atakowano ludzi planuj\u0105cych z wyprzedzeniem i pr\u00f3buj\u0105cych uprawia\u0107 w\u0142asn\u0105 \u017cywno\u015b\u0107. Establishment NIE chcia\u0142, aby ludzie przechowywali lub produkowali w\u0142asne zapasy \u017cywno\u015bci.<\/p>\n\n\n\n<p class=\"wp-block-paragraph\">Inn\u0105 perspektyw\u0105, kt\u00f3ra by\u0142a otwarcie dyskutowana w\u015br\u00f3d globalist\u00f3w, by\u0142 pomys\u0142, \u017ce blokady by\u0142y &#8222;pomocne&#8221; w spos\u00f3b wykraczaj\u0105cy poza powstrzymanie rozprzestrzeniania si\u0119 COVID-19.\u00a0<em>(blokady<\/em><a href=\"https:\/\/gloria.tv\/go\/Foqha0F3ZyNRbAs3UQ8IzekKzqhkJ72mbGZMtOyiF1iMoQC2yGvOXNtVKmCuYzbYQNUXDAWlFHZPyffDLDILtoTxL6pQBTMNmWgAmgTIBl8zotdzjchrmFRqXXgdzHaOAGPkVEoNszJXKvyk4IrFUmlfWIRExAzGzlo7usI5uDGylLXKrYfQHMr93Z5iqKO\" target=\"_blank\" rel=\"noreferrer noopener\">by\u0142y w rzeczywisto\u015bci bezu\u017cyteczne<\/a><em>w powstrzymywaniu rozprzestrzeniania si\u0119 (rzekomego) covid)<\/em>.\u00a0<strong>Zasugerowali, \u017ce \u015brodki te mog\u0105 skutecznie zapobiega\u0107 globalnej emisji gaz\u00f3w cieplarnianych i ratowa\u0107 \u015bwiat przed\u00a0<em>\u201ezmianami klimatycznymi\u201d.<\/em>\u00a0Idea blokad klimatycznych zacz\u0119\u0142a si\u0119 rozprzestrzenia\u0107<\/strong>. <\/p>\n\n\n\n<p class=\"wp-block-paragraph\">Od tego czasu media korporacyjne k\u0142ama\u0142y na temat istnienia\u00a0<a href=\"https:\/\/gloria.tv\/go\/tCNBSUG78fFVeWLiq9dbYdX9OcpOCroEZyNIKTVoyuoU1DsiihDJlhnyfP7ZNl11Vn5LQwLmTQpKv12LQJr3aKSncY9gzZjadq5m9u1o5kingDsFZq0yHa90veGNDdAsfAhYvtl2dUnGJi7zx5FrduZQemCRXBGMC4PWmkmg9K3XYZaIn2vJhZ0idI7UpngCwFQU8RXIlJySVogeDIInD0\" target=\"_blank\" rel=\"noreferrer noopener\">programu blokad klimatycznych<\/a>\u00a0, ale artyku\u0142y i\u00a0<a href=\"https:\/\/gloria.tv\/go\/89VGX7Rg0s3FM6fnorEWj7dsdHIAI9rkwXGjahhcctsa7bFjuaCxkDTnAR5vybNYXIwuJaoe4g45Wfxj7FnvqL2x7CbHLlIyby0tT0o2dLbnDRqyxOm10tF7wKLelHO7wluizxlOF8ItmLu1NtfvLckdKAAczr3cihFGEf9JMePT5832JJEbegeyijm\" target=\"_blank\" rel=\"noreferrer noopener\">bia\u0142e ksi\u0119gi<\/a>\u00a0wychwalaj\u0105ce zalety\u00a0<a href=\"https:\/\/gloria.tv\/go\/zcJ0BVvhMvMuOvStXxDT9PE8lfEjwd1zyJqkdcZ1WBYl4KKL7vrUt4kTEN7H8kfwySAmex6R6zY4GG04to8NF7Jm9FcNB6Fnyw7nGHy7lyveYjIL9bJmqLkQmMsN8yRR5gFYD3ACzzJFrJzTZJtj4rk6BTyjVa960rAzZr3YFZ3LD0dVqurZuJJTJz8WIFfldkvUVQ4c\" target=\"_blank\" rel=\"noreferrer noopener\">zamykania planety<\/a>\u00a0w imi\u0119 &#8222;zmian klimatycznych&#8221; s\u0105 \u0142atwe do znalezienia i przeczytania. Globali\u015bci i ich akademiccy obro\u0144cy chcieli\u00a0<a href=\"https:\/\/gloria.tv\/go\/79SHAM5Zjd1psY8At7zj0pdN9yDVoIx09Q6HcheRrqQbVy3juisw2AqYh0jABqZzkd2LOszH3IZ7Gi6TPzEeNf5ikFy7XrBX7Pde0rlVr9NP3PehM4zQSst14ZUHskS84rS3wbuEwFX8X1CeOzz1re7p1jBtRqZgk5xPfZjYPGzSCaWRXVpd5FErIzivnKV20cxzGE2SxxyWSP1G\" target=\"_blank\" rel=\"noreferrer noopener\">STA\u0141YCH blokad<\/a>\u00a0lub blokad stopniowych co kilka miesi\u0119cy, wstrzymuj\u0105cych wi\u0119kszo\u015b\u0107 ludzkiej dzia\u0142alno\u015bci i podr\u00f3\u017cuj\u0105cych, poza podstawow\u0105 produkcj\u0105.<\/p>\n\n\n\n<p class=\"wp-block-paragraph\">W przesz\u0142o\u015bci argumentowa\u0142em, \u017ce to, co Whitmer robi\u0142a w Michigan, by\u0142o cz\u0119\u015bci\u0105 tego programu \u2013&nbsp;<em>\u017ce jej zakaz uprawy ogrodu by\u0142 cz\u0119\u015bci\u0105 szerszego celu, kt\u00f3ry nie mia\u0142 nic wsp\u00f3lnego z bezpiecze\u0144stwem zdrowia publicznego, a wszystko, co mia\u0142o zwi\u0105zek z powstrzymywaniem ludzi od przygotowywania posi\u0142k\u00f3w<\/em>.&nbsp;<strong>Kontrole covido mia\u0142y by\u0107 jedynie prekursorem kontroli emisji dwutlenku w\u0119gla.<\/strong>&nbsp;W zesz\u0142ym tygodniu widzieli\u015bmy wi\u0119cej potwierdze\u0144 tej tezy, gdy\u017c badanie&nbsp;<a href=\"https:\/\/gloria.tv\/go\/mFMmugyBinJkQ4LsguyK3nzX2lRyBFUdBs4NFVOLhFnCeSQe46nYlQa6qcj9VU43DQeKIOVlUGzRHLPlQeoUwbZE20BspazJYS4eozfAvmyVMT68LSoNrCCrsdvT75zO4lPjvGRzCQ1SZbu9lPKijLXYooT\" rel=\"noreferrer noopener\" target=\"_blank\">przeprowadzone na Uniwersytecie Michigan<\/a>&nbsp;wykaza\u0142o, \u017ce \u017cywno\u015b\u0107 wytwarzana w\u0142asnor\u0119cznie powoduje pi\u0119ciokrotnie wi\u0119ksz\u0105 emisj\u0119 dwutlenku w\u0119gla ni\u017c metody rolnictwa przemys\u0142owego. Innymi s\u0142owy, prywatne ogrody mo\u017cna uzna\u0107 za zagro\u017cenie dla \u015brodowiska.&nbsp;<a href=\"https:\/\/gloria.tv\/go\/zf3H4DWjQ3AruJnoDpHvBbrOzpMBopZ1SgXyZrhzZ8eq0Gdz5ainUOjyFvvD0Au57cbgrsU36nlmcyYaheyxz3WsWotcJjl6jIksbLILSjrROqrrHXo1JMtWCacHTmEQyYiX6OtnZykxKQbor4KQvNmycHzD3zfEHOwiiAW\" rel=\"noreferrer noopener\" target=\"_blank\">The Telegraph<\/a>&nbsp;i inne platformy korporacyjne podchwyci\u0142y t\u0119 histori\u0119 i uwa\u017cam, \u017ce jest to pow\u00f3d do niepokoju.<\/p>\n\n\n\n<p class=\"wp-block-paragraph\">Badanie obejmuje analiz\u0119 r\u00f3\u017cnych ogrod\u00f3w, od indywidualnych dzia\u0142ek rodzinnych po dzia\u0142ki miejskie i wsp\u00f3lnotowe, i stwierdza, \u017ce \u201einfrastruktura ogrodowa\u201d dla poszczeg\u00f3lnych dzia\u0142ek (taka jak podniesione grz\u0105dki) powoduje znacznie wi\u0119ksze zanieczyszczenie dwutlenkiem w\u0119gla ni\u017c rolnictwo na du\u017c\u0105 skal\u0119. W badaniu wydaje si\u0119 ignorowa\u0107 fakt, \u017ce grz\u0105dki na podwy\u017cszeniu s\u0105 bardziej wydajne i pozwalaj\u0105 na upraw\u0119 wi\u0119kszej ilo\u015bci \u017cywno\u015bci na mniejszej przestrzeni, ale w\u0105tpi\u0119, czy naprawd\u0119 przywi\u0105zuj\u0105 wag\u0119 do brania tego typu rzeczy pod uwag\u0119.<\/p>\n\n\n\n<p class=\"wp-block-paragraph\">Przeci\u0119tny cz\u0142owiek mo\u017ce by\u0107 tym zdezorientowany i za\u0142o\u017cy\u0107, \u017ce jest odwrotnie \u2013 czy uprawa \u017cywno\u015bci w domu nie by\u0142aby LEPSZA dla \u015brodowiska? Nie, je\u015bli twoje finansowanie opiera si\u0119 na przedstawianiu niezale\u017cnych dostaw \u017cywno\u015bci jako szkodliwych dla planety. Badanie jest finansowane przez wiele mi\u0119dzynarodowych grup, w tym&nbsp;<a href=\"https:\/\/gloria.tv\/go\/be4NzwKFzL2tDPTg8djXXvkoVrNVSJycYpRYzFnQKlZUSoBhh0zv5umcKDt2QrAckdVFVADydw0ZIkUyr8ARC0BSnaeHpSU78FBO16062N3ev5er9DNSEdeqzQg7m75gF7GibHCBwSQ62CJ1xb31z78K8xZ2k1dRyZqSkzNjzoon7ZnmDr6LAptHdnC3cH2GI1lhjHYSyjlDMRWW\" rel=\"noreferrer noopener\" target=\"_blank\">unijny program \u201eHoryzont\u201d<\/a>&nbsp;, kt\u00f3ry jako jeden z cel\u00f3w projektu wymienia \u201e<em>100 neutralnych dla klimatu i inteligentnych miast do 2030 r.\u201d.<\/em>&nbsp;Te 100 miast ma nast\u0119pnie pe\u0142ni\u0107 rol\u0119 sztandarowych modeli ostatecznego przej\u0119cia wszystkich miast w ramach programu emisji dwutlenku w\u0119gla do 2050 r.<\/p>\n\n\n\n<p class=\"wp-block-paragraph\">Takie grupy maj\u0105 do dyspozycji miliardy dolar\u00f3w i skupiaj\u0105 wi\u0119kszo\u015b\u0107 swojej pieni\u0119\u017cnej si\u0142y na badaniach nad zmianami klimatycznymi&nbsp;<em>(propagandzie)<\/em>. Czy uwa\u017cam, \u017ce badanie przeprowadzone w Michigan zosta\u0142o sfa\u0142szowane na korzy\u015b\u0107 z g\u00f3ry ustalonego wyniku, Prawdopodobnie tak . Kiedy badania te s\u0105 finansowane przez interesy globalist\u00f3w, ich wyniki zawsze wydaj\u0105 si\u0119 sprzyja\u0107 celom globalistycznym. Samo badanie niekoniecznie dowodzi, \u017ce ludzie powinni zaprzesta\u0107 prac ogrodniczych, ale forsuje narracj\u0119, \u017ce kontrola emisji gaz\u00f3w cieplarnianych jest konieczna, nawet na poziomie indywidualnym.<\/p>\n\n\n\n<p class=\"wp-block-paragraph\">Raport ze stanu Michigan mo\u017ce wydawa\u0107 si\u0119 pozbawionym znaczenia przypisem. Jednak\u017ce, jak byli\u015bmy \u015bwiadkami w zesz\u0142ym roku w badaniu przeprowadzonym przez Komisj\u0119 ds. Bezpiecze\u0144stwa Produkt\u00f3w Konsumenckich na temat urz\u0105dze\u0144 wykorzystuj\u0105cych naturalne gad\u017cety, te ma\u0142e i ma\u0142o znane badania s\u0105 cz\u0119sto wykorzystywane do uzasadnienia interwencji rz\u0105du na du\u017c\u0105 skal\u0119 w codzienne \u017cycie ludzi. Badanie CPSC zainspirowa\u0142o wielomiesi\u0119czne debaty Demokrat\u00f3w w USA, domagaj\u0105cych si\u0119 zakazu stosowania urz\u0105dze\u0144 gazowych, w tym piec\u00f3w, poniewa\u017c MOG\u0104 powodowa\u0107 skutki uboczne dla zdrowia, szczeg\u00f3lnie u dzieci\u00a0<em>(okazuje si\u0119, \u017ce badanie<\/em><a href=\"https:\/\/gloria.tv\/go\/A3qgpCoKbZNZdjvDVcu5LzUVkMF7yfmZ2Uo8o82HNJtNFdPfoLD4E6L5CXN0bgGSPLQxweyteacURG0J3eQlVdMMdAerby1o2w3XAzzfYQoW4Jo13HYDpi26s2XFzUafrsDfb7jK3FbEMZykHNkpFocnxN1Z7vmZyPetW\" target=\"_blank\" rel=\"noreferrer noopener\"> nie mia\u0142o konkretnych podstaw<\/a><em> do tego twierdzenia).<\/em><\/p>\n\n\n\n<p class=\"wp-block-paragraph\"><strong>Lewacy i globali\u015bci nie dbaj\u0105 o ochron\u0119 zdrowia; zale\u017cy im na tym, jak te badania mo\u017cna wykorzysta\u0107 do zastraszenia, zwi\u0119kszaj\u0105c w ten spos\u00f3b ich si\u0142\u0119 pod\u017cegaczy . Innymi s\u0142owy, je\u015bli potrafisz sfa\u0142szowa\u0107 nauk\u0119, mo\u017cesz sfa\u0142szowa\u0107 prawa.<\/strong><\/p>\n\n\n\n<p class=\"wp-block-paragraph\">Co\u015b podobnego zaobserwowali\u015bmy w badaniu ONZ z 2006 roku, kt\u00f3re wykaza\u0142o, \u017ce produkcja mi\u0119sa odpowiada za prawie 20% wszystkich emisji gaz\u00f3w cieplarnianych i jest gorsza dla \u015brodowiska ni\u017c transport. Badanie zosta\u0142o&nbsp;<a href=\"https:\/\/gloria.tv\/go\/HQGJOSTFytqzYtXZ1rRxW4QnUPjLYxOn36N1kzyozJ3Fcm5BGyWBj1eBM7xmnECSkaizW5985mvIvjsKGL80BQsG3yWbP7zxQ1rFwOxh67LdXRmz6eRHy5dP3aXtxeFdFwjvsv4EtVx8ByewDzWDC2lXSaZnEXjUnSOjV1RyMRO9VyBRZAzcG1AXDdAjPNy52s256sACdYeRwqwOMGUKwbhT8LD4mGbsROmAiMrOCm6ibm\" rel=\"noreferrer noopener\" target=\"_blank\">zdemaskowane w 2010 roku<\/a>&nbsp;jako \u201ewadliwe\u201d (oszuka\u0144cze), ale przez lata media i organizacje globalistyczne wykorzystywa\u0142y jego fa\u0142szywe wnioski jako odskoczni\u0119 do \u017c\u0105dania ogranicze\u0144 i zakaz\u00f3w produkcji mi\u0119sa w imi\u0119 ratowania klimatu.<\/p>\n\n\n\n<p class=\"wp-block-paragraph\">Je\u015bli s\u0105dzisz, \u017ce wojna z rolnictwem, kt\u00f3ra szaleje obecnie w Europie, ma dotkn\u0105\u0107 jedynie gospodarstwa przemys\u0142owe, zastan\u00f3w si\u0119 jeszcze raz.&nbsp;<strong>Oni b\u0119d\u0105 pr\u00f3bowali wykorzysta\u0107 k\u0142amstwo dotycz\u0105ce &#8222;zmian klimatycznych&#8221; wywo\u0142anych przez cz\u0142owieka, aby zakaza\u0107 WSZELK\u0104 produkcj\u0119 \u017cywno\u015bci, a\u017c do skromnego przydomowego ogr\u00f3dka. I nie b\u0119d\u0105 ogranicza\u0107 swoich wysi\u0142k\u00f3w do UE; przyjd\u0105 po ameryka\u0144skich farmach z tymi samymi ograniczeniami.<\/strong><\/p>\n\n\n\n<p class=\"wp-block-paragraph\">Tak naprawd\u0119 o to w\u0142a\u015bnie chodzi w globalistycznych programach \u201ezero netto\u201d i 15-minutowych miastach \u2013 opieraj\u0105 si\u0119 na za\u0142o\u017ceniu, \u017ce wszelka dzia\u0142alno\u015b\u0107 cz\u0142owieka musi by\u0107 monitorowana i zarz\u0105dzana. M\u00f3wi\u0105, \u017ce to dla dobra planety, ale systemy, kt\u00f3re chc\u0105 wdro\u017cy\u0107 w latach 2030\u20132050, brzmi\u0105 jak nowy cyfrowy feudalizm, spo\u0142ecze\u0144stwo, w kt\u00f3rym biurokracja \u015bledzi, nadzoruje i mikro-zarz\u0105dza ka\u017cdym aspektem twojego \u017cycia. Elity odnosz\u0105 ogromne korzy\u015bci, nigdy nie udowadniaj\u0105c, \u017ce emisje gaz\u00f3w cieplarnianych stanowi\u0105 dla kogokolwiek zagro\u017cenie.<\/p>\n\n\n\n<p class=\"wp-block-paragraph\">Sk\u0105d to obsesyjne skupianie si\u0119 na jedzeniu? Bo je\u015bli ludzie b\u0119d\u0105 mieli w\u0142asne jedzenie, to by\u0107 mo\u017ce b\u0119d\u0105 bardziej sk\u0142onni do buntowania si\u0119 przeciwko dalszym nakazom. To naprawd\u0119 takie proste. Ko\u0144c\u00f3wka gry jest oczywista \u2013 kontroluj jedzenie, a b\u0119dziesz kontrolowa\u0107 \u015bwiat. Zrobi\u0105 to w imi\u0119 ratowania planety, a wielu ludzi nawet im podzi\u0119kuje, gdy b\u0119d\u0105 g\u0142odzeni.\u00a0<em>(tak jak za zab\u00f3jcze szczepionki).<\/em><a href=\"https:\/\/gloria.tv\/go\/p3z29HykKESEmr0olq4OizaJqvNm2ythIT3VJIL9ECdvr6l7A5yuno9ODmI2v6IYrmr9AsJ3MSnEgnquXYEYVofA6pLEIczPIrH8eFO1i0kQt3FaS22IjEUyOndzAysgELI2NKShK2HnCYyGNIMeafgtujt4EjdkIyTORMzs3yYnt1P1RYn4mabnBcL9mPS2Ua0\" target=\"_blank\" rel=\"noreferrer noopener\"> <\/a><\/p>","protected":false},"excerpt":{"rendered":"<p>Na pocz\u0105tku 2020 r., w \u015brodku blokad covidowych, niebieskie stany zarz\u0105dzane przez lewicowych gubernator\u00f3w realizowa\u0142y mandaty ze skrajnym uprzedzeniem. W czerwonych stanach, takich jak Montana, po<span class=\"excerpt-hellip\"> [\u2026]<\/span><\/p>\n","protected":false},"author":1,"featured_media":24961,"comment_status":"closed","ping_status":"open","sticky":false,"template":"","format":"standard","meta":{"_daam_enable_autolinks":"1","_jetpack_newsletter_access":"","_jetpack_dont_email_post_to_subs":false,"_jetpack_newsletter_tier_id":0,"_jetpack_memberships_contains_paywalled_content":false,"_jetpack_feature_clip_id":0,"_jetpack_memberships_contains_paid_content":false,"footnotes":"","jetpack_post_was_ever_published":false},"categories":[21],"tags":[],"class_list":["post-24960","post","type-post","status-publish","format-standard","has-post-thumbnail","hentry","category-otworz-oczy"],"yoast_head":"<!-- This site is optimized with the Yoast SEO plugin v28.3 - https:\/\/yoast.com\/product\/yoast-seo-wordpress\/ -->\n<title>TRANSFORMACJA \u017bYWIENIOWA DO 2030 - CO B\u0118DZIESZ JAD\u0141 W PRZYSZ\u0141O\u015aCI ? - Globalna \u015awiadomo\u015b\u0107<\/title>\n<meta name=\"robots\" content=\"index, follow, max-snippet:-1, max-image-preview:large, max-video-preview:-1\" \/>\n<link rel=\"canonical\" href=\"https:\/\/globalna.info\/en\/2026\/03\/30\/transformacja-zywieniowa-do-2030-co-bedziesz-jadl-w-przyszlosci\/\" \/>\n<meta property=\"og:locale\" content=\"en_GB\" \/>\n<meta property=\"og:type\" content=\"article\" \/>\n<meta property=\"og:title\" content=\"TRANSFORMACJA \u017bYWIENIOWA DO 2030 - CO B\u0118DZIESZ JAD\u0141 W PRZYSZ\u0141O\u015aCI ? - Globalna \u015awiadomo\u015b\u0107\" \/>\n<meta property=\"og:description\" content=\"Na pocz\u0105tku 2020 r., w \u015brodku blokad covidowych, niebieskie stany zarz\u0105dzane przez lewicowych gubernator\u00f3w realizowa\u0142y mandaty ze skrajnym uprzedzeniem. W czerwonych stanach, takich jak Montana, po [\u2026]\" \/>\n<meta property=\"og:url\" content=\"https:\/\/globalna.info\/en\/2026\/03\/30\/transformacja-zywieniowa-do-2030-co-bedziesz-jadl-w-przyszlosci\/\" \/>\n<meta property=\"og:site_name\" content=\"Globalna \u015awiadomo\u015b\u0107\" \/>\n<meta property=\"article:publisher\" content=\"https:\/\/www.facebook.com\/globalna.info\/\" \/>\n<meta property=\"article:published_time\" content=\"2026-03-30T14:28:21+00:00\" \/>\n<meta property=\"og:image\" content=\"https:\/\/globalna.info\/wp-content\/uploads\/2024\/02\/Soylent-Green-cover-830x475-1.jpg\" \/>\n\t<meta property=\"og:image:width\" content=\"830\" \/>\n\t<meta property=\"og:image:height\" content=\"475\" \/>\n\t<meta property=\"og:image:type\" content=\"image\/jpeg\" \/>\n<meta name=\"author\" content=\"Globalna \u015awiadomo\u015b\u0107\" \/>\n<meta name=\"twitter:card\" content=\"summary_large_image\" \/>\n<meta name=\"twitter:creator\" content=\"@globalna_info\" \/>\n<meta name=\"twitter:site\" content=\"@globalna_info\" \/>\n<meta name=\"twitter:label1\" content=\"Written by\" \/>\n\t<meta name=\"twitter:data1\" content=\"Globalna \u015awiadomo\u015b\u0107\" \/>\n\t<meta name=\"twitter:label2\" content=\"Estimated reading time\" \/>\n\t<meta name=\"twitter:data2\" content=\"7 minutes\" \/>\n<script type=\"application\/ld+json\" class=\"yoast-schema-graph\">{\"@context\":\"https:\\\/\\\/schema.org\",\"@graph\":[{\"@type\":\"Article\",\"@id\":\"https:\\\/\\\/globalna.info\\\/2026\\\/03\\\/30\\\/transformacja-zywieniowa-do-2030-co-bedziesz-jadl-w-przyszlosci\\\/#article\",\"isPartOf\":{\"@id\":\"https:\\\/\\\/globalna.info\\\/2026\\\/03\\\/30\\\/transformacja-zywieniowa-do-2030-co-bedziesz-jadl-w-przyszlosci\\\/\"},\"author\":{\"name\":\"Globalna \u015awiadomo\u015b\u0107\",\"@id\":\"https:\\\/\\\/globalna.info\\\/#\\\/schema\\\/person\\\/63d6d4bbc6cc7167b37363521107c844\"},\"headline\":\"TRANSFORMACJA \u017bYWIENIOWA DO 2030 &#8211; CO B\u0118DZIESZ JAD\u0141 W PRZYSZ\u0141O\u015aCI ?\",\"datePublished\":\"2026-03-30T14:28:21+00:00\",\"mainEntityOfPage\":{\"@id\":\"https:\\\/\\\/globalna.info\\\/2026\\\/03\\\/30\\\/transformacja-zywieniowa-do-2030-co-bedziesz-jadl-w-przyszlosci\\\/\"},\"wordCount\":1316,\"publisher\":{\"@id\":\"https:\\\/\\\/globalna.info\\\/#organization\"},\"image\":{\"@id\":\"https:\\\/\\\/globalna.info\\\/2026\\\/03\\\/30\\\/transformacja-zywieniowa-do-2030-co-bedziesz-jadl-w-przyszlosci\\\/#primaryimage\"},\"thumbnailUrl\":\"https:\\\/\\\/i0.wp.com\\\/globalna.info\\\/wp-content\\\/uploads\\\/2024\\\/02\\\/Soylent-Green-cover-830x475-1.jpg?fit=830%2C475&ssl=1\",\"articleSection\":[\"Otw\u00f3rz oczy\"],\"inLanguage\":\"en-GB\"},{\"@type\":\"WebPage\",\"@id\":\"https:\\\/\\\/globalna.info\\\/2026\\\/03\\\/30\\\/transformacja-zywieniowa-do-2030-co-bedziesz-jadl-w-przyszlosci\\\/\",\"url\":\"https:\\\/\\\/globalna.info\\\/2026\\\/03\\\/30\\\/transformacja-zywieniowa-do-2030-co-bedziesz-jadl-w-przyszlosci\\\/\",\"name\":\"TRANSFORMACJA \u017bYWIENIOWA DO 2030 - CO B\u0118DZIESZ JAD\u0141 W PRZYSZ\u0141O\u015aCI ? - Globalna \u015awiadomo\u015b\u0107\",\"isPartOf\":{\"@id\":\"https:\\\/\\\/globalna.info\\\/#website\"},\"primaryImageOfPage\":{\"@id\":\"https:\\\/\\\/globalna.info\\\/2026\\\/03\\\/30\\\/transformacja-zywieniowa-do-2030-co-bedziesz-jadl-w-przyszlosci\\\/#primaryimage\"},\"image\":{\"@id\":\"https:\\\/\\\/globalna.info\\\/2026\\\/03\\\/30\\\/transformacja-zywieniowa-do-2030-co-bedziesz-jadl-w-przyszlosci\\\/#primaryimage\"},\"thumbnailUrl\":\"https:\\\/\\\/i0.wp.com\\\/globalna.info\\\/wp-content\\\/uploads\\\/2024\\\/02\\\/Soylent-Green-cover-830x475-1.jpg?fit=830%2C475&ssl=1\",\"datePublished\":\"2026-03-30T14:28:21+00:00\",\"breadcrumb\":{\"@id\":\"https:\\\/\\\/globalna.info\\\/2026\\\/03\\\/30\\\/transformacja-zywieniowa-do-2030-co-bedziesz-jadl-w-przyszlosci\\\/#breadcrumb\"},\"inLanguage\":\"en-GB\",\"potentialAction\":[{\"@type\":\"ReadAction\",\"target\":[\"https:\\\/\\\/globalna.info\\\/2026\\\/03\\\/30\\\/transformacja-zywieniowa-do-2030-co-bedziesz-jadl-w-przyszlosci\\\/\"]}]},{\"@type\":\"ImageObject\",\"inLanguage\":\"en-GB\",\"@id\":\"https:\\\/\\\/globalna.info\\\/2026\\\/03\\\/30\\\/transformacja-zywieniowa-do-2030-co-bedziesz-jadl-w-przyszlosci\\\/#primaryimage\",\"url\":\"https:\\\/\\\/i0.wp.com\\\/globalna.info\\\/wp-content\\\/uploads\\\/2024\\\/02\\\/Soylent-Green-cover-830x475-1.jpg?fit=830%2C475&ssl=1\",\"contentUrl\":\"https:\\\/\\\/i0.wp.com\\\/globalna.info\\\/wp-content\\\/uploads\\\/2024\\\/02\\\/Soylent-Green-cover-830x475-1.jpg?fit=830%2C475&ssl=1\",\"width\":830,\"height\":475},{\"@type\":\"BreadcrumbList\",\"@id\":\"https:\\\/\\\/globalna.info\\\/2026\\\/03\\\/30\\\/transformacja-zywieniowa-do-2030-co-bedziesz-jadl-w-przyszlosci\\\/#breadcrumb\",\"itemListElement\":[{\"@type\":\"ListItem\",\"position\":1,\"name\":\"Strona g\u0142\u00f3wna\",\"item\":\"https:\\\/\\\/globalna.info\\\/\"},{\"@type\":\"ListItem\",\"position\":2,\"name\":\"TRANSFORMACJA \u017bYWIENIOWA DO 2030 &#8211; CO B\u0118DZIESZ JAD\u0141 W PRZYSZ\u0141O\u015aCI ?\"}]},{\"@type\":\"WebSite\",\"@id\":\"https:\\\/\\\/globalna.info\\\/#website\",\"url\":\"https:\\\/\\\/globalna.info\\\/\",\"name\":\"Globalna \u015awiadomo\u015b\u0107 portal wiedzy alternatywnej\",\"description\":\"\u015awiat Jest Inny\",\"publisher\":{\"@id\":\"https:\\\/\\\/globalna.info\\\/#organization\"},\"potentialAction\":[{\"@type\":\"SearchAction\",\"target\":{\"@type\":\"EntryPoint\",\"urlTemplate\":\"https:\\\/\\\/globalna.info\\\/?s={search_term_string}\"},\"query-input\":{\"@type\":\"PropertyValueSpecification\",\"valueRequired\":true,\"valueName\":\"search_term_string\"}}],\"inLanguage\":\"en-GB\"},{\"@type\":\"Organization\",\"@id\":\"https:\\\/\\\/globalna.info\\\/#organization\",\"name\":\"Globalna \u015awiadomo\u015b\u0107\",\"url\":\"https:\\\/\\\/globalna.info\\\/\",\"logo\":{\"@type\":\"ImageObject\",\"inLanguage\":\"en-GB\",\"@id\":\"https:\\\/\\\/globalna.info\\\/#\\\/schema\\\/logo\\\/image\\\/\",\"url\":\"https:\\\/\\\/i0.wp.com\\\/globalna.info\\\/wp-content\\\/uploads\\\/2023\\\/07\\\/cropped-GS-logo-final-1-fb-1.jpg?fit=1890%2C630&ssl=1\",\"contentUrl\":\"https:\\\/\\\/i0.wp.com\\\/globalna.info\\\/wp-content\\\/uploads\\\/2023\\\/07\\\/cropped-GS-logo-final-1-fb-1.jpg?fit=1890%2C630&ssl=1\",\"width\":1890,\"height\":630,\"caption\":\"Globalna \u015awiadomo\u015b\u0107\"},\"image\":{\"@id\":\"https:\\\/\\\/globalna.info\\\/#\\\/schema\\\/logo\\\/image\\\/\"},\"sameAs\":[\"https:\\\/\\\/www.facebook.com\\\/globalna.info\\\/\",\"https:\\\/\\\/x.com\\\/globalna_info\",\"https:\\\/\\\/www.instagram.com\\\/global_awarness_poland\\\/?hl=pl\"]},{\"@type\":\"Person\",\"@id\":\"https:\\\/\\\/globalna.info\\\/#\\\/schema\\\/person\\\/63d6d4bbc6cc7167b37363521107c844\",\"name\":\"Globalna \u015awiadomo\u015b\u0107\",\"image\":{\"@type\":\"ImageObject\",\"inLanguage\":\"en-GB\",\"@id\":\"https:\\\/\\\/secure.gravatar.com\\\/avatar\\\/bfa1874e30b0bc00ee62d40120daec88f60e306105d661025fdd175d903f368a?s=96&d=mm&r=g\",\"url\":\"https:\\\/\\\/secure.gravatar.com\\\/avatar\\\/bfa1874e30b0bc00ee62d40120daec88f60e306105d661025fdd175d903f368a?s=96&d=mm&r=g\",\"contentUrl\":\"https:\\\/\\\/secure.gravatar.com\\\/avatar\\\/bfa1874e30b0bc00ee62d40120daec88f60e306105d661025fdd175d903f368a?s=96&d=mm&r=g\",\"caption\":\"Globalna \u015awiadomo\u015b\u0107\"}}]}<\/script>\n<!-- \/ Yoast SEO plugin. -->","yoast_head_json":{"title":"TRANSFORMACJA \u017bYWIENIOWA DO 2030 - CO B\u0118DZIESZ JAD\u0141 W PRZYSZ\u0141O\u015aCI ? - Globalna \u015awiadomo\u015b\u0107","robots":{"index":"index","follow":"follow","max-snippet":"max-snippet:-1","max-image-preview":"max-image-preview:large","max-video-preview":"max-video-preview:-1"},"canonical":"https:\/\/globalna.info\/en\/2026\/03\/30\/transformacja-zywieniowa-do-2030-co-bedziesz-jadl-w-przyszlosci\/","og_locale":"en_GB","og_type":"article","og_title":"TRANSFORMACJA \u017bYWIENIOWA DO 2030 - CO B\u0118DZIESZ JAD\u0141 W PRZYSZ\u0141O\u015aCI ? - Globalna \u015awiadomo\u015b\u0107","og_description":"Na pocz\u0105tku 2020 r., w \u015brodku blokad covidowych, niebieskie stany zarz\u0105dzane przez lewicowych gubernator\u00f3w realizowa\u0142y mandaty ze skrajnym uprzedzeniem. W czerwonych stanach, takich jak Montana, po [\u2026]","og_url":"https:\/\/globalna.info\/en\/2026\/03\/30\/transformacja-zywieniowa-do-2030-co-bedziesz-jadl-w-przyszlosci\/","og_site_name":"Globalna \u015awiadomo\u015b\u0107","article_publisher":"https:\/\/www.facebook.com\/globalna.info\/","article_published_time":"2026-03-30T14:28:21+00:00","og_image":[{"width":830,"height":475,"url":"https:\/\/globalna.info\/wp-content\/uploads\/2024\/02\/Soylent-Green-cover-830x475-1.jpg","type":"image\/jpeg"}],"author":"Globalna \u015awiadomo\u015b\u0107","twitter_card":"summary_large_image","twitter_creator":"@globalna_info","twitter_site":"@globalna_info","twitter_misc":{"Written by":"Globalna \u015awiadomo\u015b\u0107","Estimated reading time":"7 minutes"},"schema":{"@context":"https:\/\/schema.org","@graph":[{"@type":"Article","@id":"https:\/\/globalna.info\/2026\/03\/30\/transformacja-zywieniowa-do-2030-co-bedziesz-jadl-w-przyszlosci\/#article","isPartOf":{"@id":"https:\/\/globalna.info\/2026\/03\/30\/transformacja-zywieniowa-do-2030-co-bedziesz-jadl-w-przyszlosci\/"},"author":{"name":"Globalna \u015awiadomo\u015b\u0107","@id":"https:\/\/globalna.info\/#\/schema\/person\/63d6d4bbc6cc7167b37363521107c844"},"headline":"TRANSFORMACJA \u017bYWIENIOWA DO 2030 &#8211; CO B\u0118DZIESZ JAD\u0141 W PRZYSZ\u0141O\u015aCI ?","datePublished":"2026-03-30T14:28:21+00:00","mainEntityOfPage":{"@id":"https:\/\/globalna.info\/2026\/03\/30\/transformacja-zywieniowa-do-2030-co-bedziesz-jadl-w-przyszlosci\/"},"wordCount":1316,"publisher":{"@id":"https:\/\/globalna.info\/#organization"},"image":{"@id":"https:\/\/globalna.info\/2026\/03\/30\/transformacja-zywieniowa-do-2030-co-bedziesz-jadl-w-przyszlosci\/#primaryimage"},"thumbnailUrl":"https:\/\/i0.wp.com\/globalna.info\/wp-content\/uploads\/2024\/02\/Soylent-Green-cover-830x475-1.jpg?fit=830%2C475&ssl=1","articleSection":["Otw\u00f3rz oczy"],"inLanguage":"en-GB"},{"@type":"WebPage","@id":"https:\/\/globalna.info\/2026\/03\/30\/transformacja-zywieniowa-do-2030-co-bedziesz-jadl-w-przyszlosci\/","url":"https:\/\/globalna.info\/2026\/03\/30\/transformacja-zywieniowa-do-2030-co-bedziesz-jadl-w-przyszlosci\/","name":"TRANSFORMACJA \u017bYWIENIOWA DO 2030 - CO B\u0118DZIESZ JAD\u0141 W PRZYSZ\u0141O\u015aCI ? - Globalna \u015awiadomo\u015b\u0107","isPartOf":{"@id":"https:\/\/globalna.info\/#website"},"primaryImageOfPage":{"@id":"https:\/\/globalna.info\/2026\/03\/30\/transformacja-zywieniowa-do-2030-co-bedziesz-jadl-w-przyszlosci\/#primaryimage"},"image":{"@id":"https:\/\/globalna.info\/2026\/03\/30\/transformacja-zywieniowa-do-2030-co-bedziesz-jadl-w-przyszlosci\/#primaryimage"},"thumbnailUrl":"https:\/\/i0.wp.com\/globalna.info\/wp-content\/uploads\/2024\/02\/Soylent-Green-cover-830x475-1.jpg?fit=830%2C475&ssl=1","datePublished":"2026-03-30T14:28:21+00:00","breadcrumb":{"@id":"https:\/\/globalna.info\/2026\/03\/30\/transformacja-zywieniowa-do-2030-co-bedziesz-jadl-w-przyszlosci\/#breadcrumb"},"inLanguage":"en-GB","potentialAction":[{"@type":"ReadAction","target":["https:\/\/globalna.info\/2026\/03\/30\/transformacja-zywieniowa-do-2030-co-bedziesz-jadl-w-przyszlosci\/"]}]},{"@type":"ImageObject","inLanguage":"en-GB","@id":"https:\/\/globalna.info\/2026\/03\/30\/transformacja-zywieniowa-do-2030-co-bedziesz-jadl-w-przyszlosci\/#primaryimage","url":"https:\/\/i0.wp.com\/globalna.info\/wp-content\/uploads\/2024\/02\/Soylent-Green-cover-830x475-1.jpg?fit=830%2C475&ssl=1","contentUrl":"https:\/\/i0.wp.com\/globalna.info\/wp-content\/uploads\/2024\/02\/Soylent-Green-cover-830x475-1.jpg?fit=830%2C475&ssl=1","width":830,"height":475},{"@type":"BreadcrumbList","@id":"https:\/\/globalna.info\/2026\/03\/30\/transformacja-zywieniowa-do-2030-co-bedziesz-jadl-w-przyszlosci\/#breadcrumb","itemListElement":[{"@type":"ListItem","position":1,"name":"Strona g\u0142\u00f3wna","item":"https:\/\/globalna.info\/"},{"@type":"ListItem","position":2,"name":"TRANSFORMACJA \u017bYWIENIOWA DO 2030 &#8211; CO B\u0118DZIESZ JAD\u0141 W PRZYSZ\u0141O\u015aCI ?"}]},{"@type":"WebSite","@id":"https:\/\/globalna.info\/#website","url":"https:\/\/globalna.info\/","name":"Globalna \u015awiadomo\u015b\u0107 portal wiedzy alternatywnej","description":"\u015awiat Jest Inny","publisher":{"@id":"https:\/\/globalna.info\/#organization"},"potentialAction":[{"@type":"SearchAction","target":{"@type":"EntryPoint","urlTemplate":"https:\/\/globalna.info\/?s={search_term_string}"},"query-input":{"@type":"PropertyValueSpecification","valueRequired":true,"valueName":"search_term_string"}}],"inLanguage":"en-GB"},{"@type":"Organization","@id":"https:\/\/globalna.info\/#organization","name":"Globalna \u015awiadomo\u015b\u0107","url":"https:\/\/globalna.info\/","logo":{"@type":"ImageObject","inLanguage":"en-GB","@id":"https:\/\/globalna.info\/#\/schema\/logo\/image\/","url":"https:\/\/i0.wp.com\/globalna.info\/wp-content\/uploads\/2023\/07\/cropped-GS-logo-final-1-fb-1.jpg?fit=1890%2C630&ssl=1","contentUrl":"https:\/\/i0.wp.com\/globalna.info\/wp-content\/uploads\/2023\/07\/cropped-GS-logo-final-1-fb-1.jpg?fit=1890%2C630&ssl=1","width":1890,"height":630,"caption":"Globalna \u015awiadomo\u015b\u0107"},"image":{"@id":"https:\/\/globalna.info\/#\/schema\/logo\/image\/"},"sameAs":["https:\/\/www.facebook.com\/globalna.info\/","https:\/\/x.com\/globalna_info","https:\/\/www.instagram.com\/global_awarness_poland\/?hl=pl"]},{"@type":"Person","@id":"https:\/\/globalna.info\/#\/schema\/person\/63d6d4bbc6cc7167b37363521107c844","name":"Globalna \u015awiadomo\u015b\u0107","image":{"@type":"ImageObject","inLanguage":"en-GB","@id":"https:\/\/secure.gravatar.com\/avatar\/bfa1874e30b0bc00ee62d40120daec88f60e306105d661025fdd175d903f368a?s=96&d=mm&r=g","url":"https:\/\/secure.gravatar.com\/avatar\/bfa1874e30b0bc00ee62d40120daec88f60e306105d661025fdd175d903f368a?s=96&d=mm&r=g","contentUrl":"https:\/\/secure.gravatar.com\/avatar\/bfa1874e30b0bc00ee62d40120daec88f60e306105d661025fdd175d903f368a?s=96&d=mm&r=g","caption":"Globalna \u015awiadomo\u015b\u0107"}}]}},"jetpack_sharing_enabled":true,"jetpack_featured_media_url":"https:\/\/i0.wp.com\/globalna.info\/wp-content\/uploads\/2024\/02\/Soylent-Green-cover-830x475-1.jpg?fit=830%2C475&ssl=1","_links":{"self":[{"href":"https:\/\/globalna.info\/en\/wp-json\/wp\/v2\/posts\/24960","targetHints":{"allow":["GET"]}}],"collection":[{"href":"https:\/\/globalna.info\/en\/wp-json\/wp\/v2\/posts"}],"about":[{"href":"https:\/\/globalna.info\/en\/wp-json\/wp\/v2\/types\/post"}],"author":[{"embeddable":true,"href":"https:\/\/globalna.info\/en\/wp-json\/wp\/v2\/users\/1"}],"replies":[{"embeddable":true,"href":"https:\/\/globalna.info\/en\/wp-json\/wp\/v2\/comments?post=24960"}],"version-history":[{"count":0,"href":"https:\/\/globalna.info\/en\/wp-json\/wp\/v2\/posts\/24960\/revisions"}],"wp:featuredmedia":[{"embeddable":true,"href":"https:\/\/globalna.info\/en\/wp-json\/wp\/v2\/media\/24961"}],"wp:attachment":[{"href":"https:\/\/globalna.info\/en\/wp-json\/wp\/v2\/media?parent=24960"}],"wp:term":[{"taxonomy":"category","embeddable":true,"href":"https:\/\/globalna.info\/en\/wp-json\/wp\/v2\/categories?post=24960"},{"taxonomy":"post_tag","embeddable":true,"href":"https:\/\/globalna.info\/en\/wp-json\/wp\/v2\/tags?post=24960"}],"curies":[{"name":"wp","href":"https:\/\/api.w.org\/{rel}","templated":true}]}}