{"id":30746,"date":"2026-05-08T14:08:28","date_gmt":"2026-05-08T12:08:28","guid":{"rendered":"https:\/\/globalna.info\/?p=30746"},"modified":"2026-05-08T14:08:28","modified_gmt":"2026-05-08T12:08:28","slug":"wef-c40-smart-city-od-pozarow-do-inteligentnych-miast-warszawa-tez-na-tej-liscie","status":"publish","type":"post","link":"https:\/\/globalna.info\/en\/2026\/05\/08\/wef-c40-smart-city-od-pozarow-do-inteligentnych-miast-warszawa-tez-na-tej-liscie\/","title":{"rendered":"WEF C40 SMART CITY: OD PO\u017bAR\u00d3W DO INTELIGENTNYCH MIAST &#8211; WARSZAWA TE\u017b NA TEJ LI\u015aCIE"},"content":{"rendered":"<p class=\"wp-block-paragraph\"><em>W 2019 roku Agencja Technologii Informacyjnej (ITA) uruchomi\u0142a inicjatyw\u0119 SmartLA 2028, maj\u0105c\u0105 na celu przekszta\u0142cenie Los Angeles w technologicznie zaawansowane miasto do 2028 roku. Inicjatywa ta skupia si\u0119 na integracji technologii w krajobrazie miejskim, aby stawi\u0107 czo\u0142a wyzwaniom takim jak zr\u00f3wnowa\u017cony rozw\u00f3j \u015brodowiska, monitorowanie zdrowia i mobilno\u015b\u0107 miejska. SmartLA 2028 by\u0142o cz\u0119\u015bci\u0105 przygotowa\u0144 do Letnich Igrzysk Olimpijskich w 2028 roku, Los Angeles przyj\u0119\u0142o wtedy wizj\u0119 stania si\u0119 w pe\u0142ni inteligentnym miastem. Program koncentruje si\u0119 na mobilno\u015bci miejskiej, zr\u00f3wnowa\u017conym rozwoju i integracji technologii, takich jak Internet Rzeczy (IoT) i sztuczna inteligencja (AI).<\/em><\/p>\n\n\n<div class=\"wp-block-image\">\n<figure class=\"aligncenter\"><img data-recalc-dims=\"1\" decoding=\"async\" src=\"https:\/\/i0.wp.com\/seedeu0096.gloriatv.net\/storage1\/uumqqm6demgx25a7z7qhszdqhj1az8r7biyv8po.webp?w=1220&#038;ssl=1\" alt=\"\"\/><\/figure>\n<\/div>\n\n\n<p class=\"wp-block-paragraph\"><em>Rozwi\u0105zania te mia\u0142y nie tylko poprawi\u0107 \u017cycie mieszka\u0144c\u00f3w, ale tak\u017ce usprawni\u0107 funkcjonowanie miasta podczas olimpiady. Je\u015bli chodzi o wsp\u00f3\u0142prac\u0119 ze \u015awiatowym Forum Ekonomicznym (WEF), to Cho\u0107 nie ma publicznych informacji o konkretnych datach prawdopodobnie dotyczy\u0142a ona temat\u00f3w takich jak transformacja cyfrowa, mobilno\u015b\u0107 miejska czy innowacje klimatyczne. W tym samym roku czyli w 2019 kalifornijczycy zacz\u0119li traci\u0107 swoje ubezpieczenia od po\u017car\u00f3w na domy i mieszkania. W 2020 roku Kalifornia do\u015bwiadczy\u0142a rekordowego sezonu po\u017carowego, kt\u00f3ry wyr\u00f3\u017cni\u0142 si\u0119 ogromn\u0105 liczb\u0105 po\u017car\u00f3w, intensywno\u015bci\u0105 i skal\u0105 zniszcze\u0144. Sp\u0142on\u0119\u0142o oko\u0142o 17 tys. km\u00b2, co uczyni\u0142o ten rok najgorszym w historii stanu pod wzgl\u0119dem powierzchni dotkni\u0119tej ogniem&#8230;<\/em><a href=\"https:\/\/gloria.tv\/go\/6kwvIJOQFRLyhezW8u0K2aHEf8SnasBNn82hpU0PsnBtLzyoqWib5eTrN6yv7RTyxiEHz96V9YyZh86arMx2dSFFWWIoSTEi\" rel=\"noreferrer noopener\" target=\"_blank\">youtube.com\/watch?v=aPTsGhanRNs<\/a><\/p>\n\n\n<div class=\"wp-block-image\">\n<figure class=\"aligncenter\"><img data-recalc-dims=\"1\" decoding=\"async\" src=\"https:\/\/i0.wp.com\/seedeu0096.gloriatv.net\/storage1\/j0suqwduesc4nugd370o9zjmo4bt8nqz8hys0ls.webp?w=1220&#038;ssl=1\" alt=\"\"\/><\/figure>\n<\/div>\n\n\n<p class=\"wp-block-paragraph\">13 kraj\u00f3w podpisa\u0142o traktat WEF w sprawie zniszczenia i odbudowy du\u017cych miast przed rokiem 2030 Trzyna\u015bcie kraj\u00f3w podpisa\u0142o traktat WEF, zgadzaj\u0105c si\u0119 na rozbi\u00f3rk\u0119 i odbudow\u0119 du\u017cych miast pod przykrywk\u0105 tzw. Agendy 2030. U\u017cywaj\u0105c zmian klimatycznych jako ostatecznej przykrywki, WEF przygotowa\u0142o grunt pod niszczycielski atak na zwyk\u0142ych ludzi. Ich cel ko\u0144cowy? Przekszta\u0142ci\u0107 miejskie krajobrazy w \u201e15-minutowe miasta\u201d \u2014 rozleg\u0142e wi\u0119zienia na \u015bwie\u017cym powietrzu, w kt\u00f3rych wolno\u015b\u0107 jest reliktem przesz\u0142o\u015bci, a ucieczka nie jest ju\u017c opcj\u0105. To nie jest odleg\u0142a dystopijna fantazja \u2014 dzieje si\u0119 to teraz, a makabryczne szczeg\u00f3\u0142y ich d\u0142ugo planowanej operacji wychodz\u0105 na jaw. Zosta\u0144 z nami, gdy \u0142\u0105czymy kropki, odkrywamy dowody i ujawniamy prawd\u0119, kt\u00f3r\u0105 tak bardzo starali si\u0119 ukry\u0107.<\/p>\n\n\n\n<p class=\"wp-block-paragraph\">Wyobra\u017a sobie: Trzyna\u015bcie najludniejszych kraj\u00f3w \u015bwiata podpisuje tajemniczy traktat WEF, kt\u00f3ry toruje drog\u0119 do zburzenia du\u017cych miast \u2014 dos\u0142ownie zr\u00f3wnania ich z ziemi\u0105 \u2014 wszystko w imi\u0119 Agendy 2030. Ich cel? Wyeliminowanie korzystania z samochod\u00f3w prywatnych, przeprojektowanie dzielnic w tak zwane \u201emiasta 15-minutowe\u201d i przekszta\u0142cenie naszych przestrzeni miejskich w to, co krytycy nazywaj\u0105 wi\u0119zieniami na \u015bwie\u017cym powietrzu. Ale jest haczyk: planuj\u0105 to zrobi\u0107, udaj\u0105c kl\u0119ski \u017cywio\u0142owe i ataki terrorystyczne, wywo\u0142uj\u0105c chaos, aby zdewastowa\u0107 ca\u0142e miasta, jednocze\u015bnie zrzucaj\u0105c win\u0119 na zmian\u0119 klimatu. To mistrzowskie oszustwo \u2014 traumatyzowanie populacji do podporz\u0105dkowania si\u0119 i wykorzystanie popio\u0142\u00f3w naszych zrujnowanych miast do budowy ich utopijnych \u201einteligentnych miast\u201d.<\/p>\n\n\n\n<p class=\"wp-block-paragraph\">Je\u015bli uwa\u017casz, \u017ce to brzmi nieprawdopodobnie, b\u0105d\u017a na bie\u017c\u0105co. Mamy szczeg\u00f3\u0142y, dowody i powi\u0105zania, kt\u00f3rych elity nie chc\u0105, aby\u015b nawi\u0105za\u0142. Po nazwaniu nas \u201eteoretykami spiskowymi\u201d za ostrzeganie przed 15-minutowymi miastami, g\u0142\u00f3wne media porzucaj\u0105 teraz udawanie, otwarcie informuj\u0105c o planach dotycz\u0105cych tych dystopijnych stref, w kt\u00f3rych ludzie s\u0105 zamkni\u0119ci w swoich dzielnicach, nie mog\u0105c ich opu\u015bci\u0107 bez pozwolenia. Poczekajcie \u2014 CBDC i system kredytu spo\u0142ecznego s\u0105 nast\u0119pne na li\u015bcie kontrolnej g\u0142\u00f3wnych medi\u00f3w. To co\u015b wi\u0119cej ni\u017c tylko teoria \u2014 to plan kontroli.<\/p>\n\n\n\n<p class=\"wp-block-paragraph\">Wed\u0142ug Klausa Schwaba do 2030 roku Los Angeles b\u0119dzie ca\u0142kowicie wolne od samochod\u00f3w osobowych. Miasto ma zosta\u0107 radykalnie przekszta\u0142cone, a obszary dzikiej przyrody zast\u0105pi\u0105 drogi, kt\u00f3rymi kiedy\u015b je\u017adzili ludzie, a populacja zostanie zamkni\u0119ta w tak zwanych \u201ewi\u0119zieniach na \u015bwie\u017cym powietrzu\u201d bez mo\u017cliwo\u015bci ucieczki. Globalna elita wyznaczy\u0142a Los Angeles jako pierwsze inteligentne miasto na \u015bwiecie, a plany by\u0142y w toku od lat, aby osi\u0105gn\u0105\u0107 szybk\u0105 transformacj\u0119 do wizji Klausa Schwaba na rok 2030 na czas Igrzysk Olimpijskich w 2028 roku, kiedy to miasto zostanie zaprezentowane \u015bwiatu jako model przysz\u0142o\u015bci ludzko\u015bci. <\/p>\n\n\n\n<p class=\"wp-block-paragraph\">Mieszka\u0144cy Pacific Palisades wyczuwaj\u0105 to \u2014 co\u015b jest niew\u0105tpliwie nie tak. Ka\u017cdy, kto zwraca uwag\u0119 i ma szeroko otwarte oczy, wie o tym. Aktor Eddie Griffin m\u00f3wi, \u017ce elita przygotowywa\u0142a si\u0119 do po\u017car\u00f3w w Los Angeles Pacific Palisades przez trzy do sze\u015bciu miesi\u0119cy przed wybuchem po\u017caru. Kto\u015b wiedzia\u0142, \u017ce nadchodzi i chcieli si\u0119 upewni\u0107, \u017ce dzielnica zostanie ca\u0142kowicie zniszczona.<\/p>\n\n\n\n<p class=\"wp-block-paragraph\"><strong>Trzyna\u015bcie kraj\u00f3w, w tym USA, Australia, Brazylia, Niemcy, Hiszpania i Urugwaj, zgodzi\u0142o si\u0119 zaprojektowa\u0107 \u201ekontrolowan\u0105 rozbi\u00f3rk\u0119\u201d swoich g\u0142\u00f3wnych o\u015brodk\u00f3w populacji, jedno po drugim, jednocze\u015bnie prowadz\u0105c wojn\u0119 z przemys\u0142em rolnym na ca\u0142ym \u015bwiecie, aby wprowadzi\u0107 g\u0142\u00f3d i kl\u0119sk\u0119 g\u0142odu dla ludzko\u015bci.<\/strong><\/p>\n\n\n\n<p class=\"wp-block-paragraph\">Cz\u0119\u015bci\u0105 Global Methane Pledge, nawiasem m\u00f3wi\u0105c, jest przej\u015bcie \u015bwiata od jedzenia prawdziwej \u017cywno\u015bci, takiej jak wo\u0142owina i kurczak, do spo\u017cywania \u015bwierszczy i larw owad\u00f3w, kt\u00f3re s\u0105 toksyczne i nieod\u017cywcze dla ludzi. Jak wyra\u017anie wida\u0107 na podstawie szalej\u0105cej inflacji w ostatnich latach, kt\u00f3ra wydaje si\u0119 by\u0107 hiperinflacj\u0105 w zwolnionym tempie, osi\u0105gamy punkt, w kt\u00f3rym mi\u0119so i wysokiej jako\u015bci \u017cywno\u015b\u0107 stan\u0105 si\u0119 nieosi\u0105galne dla przeci\u0119tnego cz\u0142owieka. Wielu nie b\u0119dzie mia\u0142o innego wyboru, jak je\u015b\u0107 robaki, owady i \u015bwierszcze, zak\u0142adaj\u0105c, \u017ce chc\u0105 nadal \u017cy\u0107 w tak skorumpowanym \u015bwiecie, jak wyja\u015bnia kandydat na burmistrza Londynu Shyam Batra. Dlaczego rz\u0105d stawia interesy globalist\u00f3w ponad interesy w\u0142asnego narodu? Odpowied\u017a mo\u017ce znajdowa\u0107 si\u0119 w Konstytucji z 1871 r. \u2014 prawda niedawno ujawniona podczas szokuj\u0105cego przes\u0142uchania w Senacie.<\/p>\n\n\n\n<p class=\"wp-block-paragraph\">Co maj\u0105 ze sob\u0105 wsp\u00f3lnego niedawne strefy kl\u0119sk \u017cywio\u0142owych w USA? We\u017amy na przyk\u0142ad Maui \u2014 zosta\u0142o przeznaczone na miasta 15-minutowe, a teraz jest przebudowywane zgodnie z Agend\u0105 2030 \u015awiatowego Forum Ekonomicznego. Karolina P\u00f3\u0142nocna? Dom po\u017c\u0105danego z\u0142o\u017ca mineralnego, wygodnie powi\u0105zanego z interesami BlackRock. A Los Angeles? D\u0142ugo reklamowane jako pierwsze elitarne globalne inteligentne miasto, z planami zaprezentowania \u015bwiatu swojego 15-minutowego projektu miasta podczas Igrzysk Olimpijskich w 2028 r. Dla tych, kt\u00f3rzy nie s\u0105dz\u0105, \u017ce rz\u0105d kiedykolwiek spiskowa\u0142by przeciwko w\u0142asnym obywatelom, warto od\u015bwie\u017cy\u0107 swoj\u0105 wiedz\u0119 historyczn\u0105. W 1873 r. rz\u0105d zabi\u0142 miliony bawo\u0142\u00f3w, aby zag\u0142odzi\u0107 rdzennych Amerykan\u00f3w, aby podporz\u0105dkowali si\u0119 rz\u0105dowi i stali si\u0119 pos\u0142uszni i zale\u017cni.<\/p>\n\n\n\n<p class=\"wp-block-paragraph\"><strong>Niekt\u00f3re rzeczy si\u0119 nie zmieniaj\u0105. Pami\u0119tacie, jak politycy z ca\u0142ego \u015bwiata, powi\u0105zani ze \u015awiatowym Forum Ekonomicznym, papugowali t\u0119 sam\u0105 kwesti\u0119: \u201eOdbudujmy lepiej\u201d?<\/strong>&nbsp;Teraz wiemy, \u017ce \u201eOdbudujmy lepiej\u201d dos\u0142ownie oznacza najpierw zniszczenie czego\u015b, a nast\u0119pnie odbudow\u0119 zgodnie z planami Nowego Porz\u0105dku \u015awiata. Dlaczego rz\u0105d stawia globalizacj\u0119 ponad w\u0142asnym narodem? I jak ci sprzedajni globali\u015bci uchodz\u0105 z tym na sucho? Podczas niedawnego przes\u0142uchania senator zada\u0142 pytanie Scottowi Bessentowi, nominowanemu na sekretarza skarbu USA, pytaj\u0105c, czy Bank Anglii b\u0119dzie dzia\u0142a\u0142 jako windykator, je\u015bli Stany Zjednoczone nie wywi\u0105\u017c\u0105 si\u0119 ze swojego niezr\u00f3wnowa\u017conego d\u0142ugu.<\/p>\n\n\n\n<p class=\"wp-block-paragraph\">Bessent potwierdzi\u0142, \u017ce to prawda i przyzna\u0142, \u017ce dowiedzia\u0142 si\u0119 o tym zaledwie kilka dni temu. To odkrycie podkre\u015bla wi\u0119ksz\u0105 prawd\u0119, kt\u00f3rej masy nie s\u0105 \u015bwiadome: Stany Zjednoczone dzia\u0142aj\u0105 na podstawie dw\u00f3ch konstytucji. Oryginalna konstytucja z 1776 r. ustanowi\u0142a republik\u0119, ale konstytucja z 1871 r. skutecznie przekszta\u0142ci\u0142a kraj w korporacj\u0119. A ta korporacja nie s\u0142u\u017cy Amerykanom \u2014 jest zobowi\u0105zana wobec elity globalist\u00f3w, stawiaj\u0105c ich plany ponad nasz\u0105 suwerenno\u015b\u0107 i wolno\u015bci. To przest\u0119pczy spisek, a jedynym sposobem na przywr\u00f3cenie nam wolno\u015bci jest powr\u00f3t do zasad Konstytucji z 1776 r. Tutaj, jeste\u015bmy zdecydowani poci\u0105gn\u0105\u0107 tych globalistycznych przest\u0119pc\u00f3w do odpowiedzialno\u015bci za ich czyny. Ale potrzebujemy twojej pomocy. Rozpowszechnij ten film daleko i szeroko, aby pom\u00f3c jak najwi\u0119kszej liczbie os\u00f3b dowiedzie\u0107 si\u0119, co naprawd\u0119 dzieje si\u0119 na \u015bwiecie.&nbsp;<a href=\"https:\/\/gloria.tv\/go\/agLYsZqTAOB0oDu5NvY8UxAgahxHXMHqSDd2udYrJa4NAq6SZuKQvAC47DCTJUQdVeRcWDoW1cvDM6l4IhujkPjNExPznewbpCgiX2VzEuLN0YNk6zP2CzKVsc\" rel=\"noreferrer noopener\" target=\"_blank\">choosing-him.blogspot.com\/2025\/01\/build-back-better.html<\/a><\/p>\n\n\n\n<p class=\"wp-block-paragraph\"><strong>Dystopijny koszmar, w kt\u00f3rym elitarna klasa rz\u0105dz\u0105ca mo\u017ce dos\u0142ownie WY\u0141\u0104CZY\u0106 pr\u0105d, pojazdy, jedzenie, internet i pieni\u0105dze w ka\u017cdej chwili i z dowolnego powodu<\/strong>.<\/p>\n\n\n\n<p class=\"wp-block-paragraph\"><em>\u015awiatowe Forum Ekonomiczne (WEF) powo\u0142a\u0142o program C40, kt\u00f3rego celem jest tworzenie \u201einteligentnych miast\u201d, przedstawianych jako dystopijne spo\u0142ecze\u0144stwo, w kt\u00f3rym elity kontroluj\u0105 wszystkie aspekty \u017cycia obywateli za po\u015brednictwem \u015brodk\u00f3w cyfrowych. W inteligentnym mie\u015bcie wszystkie podstawowe us\u0142ugi mog\u0105 by\u0107 sterowane zdalnie i potencjalnie wy\u0142\u0105czane przez w\u0142adze, \u0142\u0105cznie z przydzia\u0142ami \u017cywno\u015bci, dostawami pr\u0105du, transportem i dost\u0119pem do Internetu, jako form\u0105 kary lub w przypadku sytuacji nadzwyczajnych og\u0142oszonych przez w\u0142adc\u00f3w.<br><br>Shyam Batra, kandydat na stanowisko burmistrza Londynu, ostrzega, \u017ce inicjatywa C40 mo\u017ce doprowadzi\u0107 do sytuacji, w kt\u00f3rej miasta zaczn\u0105 przypomina\u0107 \u201eotwarte wi\u0119zienia\u201d, w kt\u00f3rych przemieszczanie si\u0119 obywateli, dost\u0119p do zasob\u00f3w, a nawet dzienne spo\u017cycie kalorii b\u0119dzie \u015bci\u015ble kontrolowane. Wdra\u017canie C40 jest ju\u017c w toku w Londynie, z planami rozszerzenia na inne du\u017ce miasta, potencjalnie wi\u0105\u017c\u0105ce si\u0119 ze zniszczeniem i odbudow\u0105 o\u015brodk\u00f3w miejskich, jak wida\u0107 w hipotetycznym scenariuszu przebudowy Los Angeles na Igrzyska Olimpijskie w 2028 r. Sugeruje to szerszy plan kontroli spo\u0142ecznej pod przykrywk\u0105 post\u0119pu technologicznego i zr\u00f3wnowa\u017conego rozwoju \u015brodowiska.<\/em><\/p>\n\n\n\n<p class=\"wp-block-paragraph\">\u015awiatowe Forum Ekonomiczne (WEF), niezale\u017cna mi\u0119dzynarodowa organizacja elit i globalist\u00f3w, kt\u00f3rej celem jest przej\u0119cie w\u0142adzy nad \u015bwiatem poprzez tyrani\u0119, stworzy\u0142o C40, kryptonim dla inteligentnych miast. Inteligentne miasta to dystopijny koszmar, kt\u00f3ry WEF pr\u00f3buje teraz wdro\u017cy\u0107, gdzie wszystko jest elektryczne i mo\u017ce zosta\u0107 wy\u0142\u0105czone jednym ruchem prze\u0142\u0105cznika przez rz\u0105dz\u0105ce elity, w tym cyfrowa waluta, elektryczne pojazdy sterowane przez AI, ma\u0142e domy z inteligentnymi licznikami, ca\u0142y transport publiczny, internet i ca\u0142a \u017cywno\u015b\u0107 b\u0119d\u0105 codziennie racjonowane przez dyktator\u00f3w, poprzez maksymaln\u0105 ilo\u015b\u0107 kalorii przydzielan\u0105 za po\u015brednictwem wiadomo\u015bci tekstowych. <\/p>\n\n\n\n<p class=\"wp-block-paragraph\">Tego nie da si\u0119 wymy\u015bli\u0107. Kandydat na\u00a0<a href=\"https:\/\/gloria.tv\/go\/Uybh77yT6ce8TMTHyGQrfbz7RMDeMEs9Fdzi7zXBgrAGg0kfBTZlogwm1SaCaqc2r24gK1dxavcgsxzwJgxCOYIoFDDL3OHLlJDX4A9LjnUqKNnRjSRmHpyEuPPVHCDYjaB5UXzdhGjc1wbDpAgUTt182NKR9b9WjrzZZHc0vmRLczip23aKw6vLAWMRHoyBlrFf4f53yr7MOwWt7fx8\" target=\"_blank\" rel=\"noreferrer noopener\">burmistrza Londynu<\/a>\u00a0, Shyam Batra, ujawnia, jak bardzo ten plan jest z\u0142y, stwierdzaj\u0105c, \u017ce \u017cywno\u015b\u0107, pr\u0105d, elektryczno\u015b\u0107 i bankowo\u015b\u0107 mog\u0105 zosta\u0107 wy\u0142\u0105czone jednym ruchem prze\u0142\u0105cznika, je\u015bli ludno\u015b\u0107 z\u0142amie jakiekolwiek zasady. Czy w\u0142a\u015bnie opublikowa\u0142e\u015b jak\u0105\u015b krytyk\u0119 rz\u0105du w mediach spo\u0142eczno\u015bciowych? Przeczytaj swoj\u0105 przychodz\u0105c\u0105 wiadomo\u015b\u0107 tekstow\u0105 od dyktatora C40: \u201eDzi\u015b nie ma dla ciebie przydzia\u0142\u00f3w \u017cywno\u015bciowych; naruszy\u0142e\u015b standardy spo\u0142eczno\u015bci\u201d. Czy kto\u015b powiedzia\u0142, \u017ce kto\u015b gdzie\u015b w mie\u015bcie ma gryp\u0119? <\/p>\n\n\n\n<p class=\"wp-block-paragraph\">To musi by\u0107 kolejna pandemia. Przeczytaj przychodz\u0105c\u0105 wiadomo\u015b\u0107 tekstow\u0105 od C40 Dictator: \u201eInformacja alarmowa: ca\u0142e miasto jest zamkni\u0119te z powodu epidemii nowego wirusa grypy. Do odwo\u0142ania nie b\u0119dzie pr\u0105du dla pojazd\u00f3w elektrycznych. Nie wychod\u017a z domu z \u017cadnego powodu. Naruszyciele zostan\u0105 poci\u0105gni\u0119ci do odpowiedzialno\u015bci karnej, a racje \u017cywno\u015bciowe nie zostan\u0105 dostarczone\u201d.<\/p>\n\n\n\n<p class=\"wp-block-paragraph\"><strong>WEF podpisa\u0142o ju\u017c umow\u0119 z burmistrzem Londynu, aby Londyn przeszed\u0142 na standard C-40, a je\u015bli WEF osi\u0105gnie sw\u00f3j cel, nast\u0119pne w kolejno\u015bci b\u0119d\u0105 wszystkie metropolie \u015bwiata<\/strong><br>C-40 to w zasadzie \u201eotwarte wi\u0119zienie\u201d, m\u00f3wi Shyam Batra, jak niesko\u0144czona sytuacja pandemii COVID-19. Nie b\u0119dzie pracy dla nikogo w mie\u015bcie, kto znajduje si\u0119 poza 15-minutowym miastem, i nie b\u0119dzie \u017cadnych pojazd\u00f3w, maszyn, traktor\u00f3w ani zak\u0142ad\u00f3w produkcyjnych, kt\u00f3re dzia\u0142aj\u0105 na benzynie lub oleju nap\u0119dowym. <\/p>\n\n\n\n<p class=\"wp-block-paragraph\">To\u00a0<a href=\"https:\/\/gloria.tv\/go\/mgxCIDymDoBzcmdLosteLlIH5abXWY7NDsKTY9zFItE0mIzXVBSGik1DK34Qm7XWIe5du7yaaZn7wlhXdVFIXnPjphKUnvR5jeUxBWwrehzG3CMgcvQUqi76AXMy3KSGfOyx7l9PncSmp0PIfHBK8V5Ctstt7CUbRzRZqkmck15iy8ll7byxv6P3Y0eAiyoGlujdLLwKO75Szde5HbJ1LlLBBadDrx78t44hhjPUzzvzHzTEzZwMdEpk1ZB4zzb1JLP0\" target=\"_blank\" rel=\"noreferrer noopener\">diaboliczny plan<\/a>\u00a0kontrolowania ka\u017cdego aspektu \u017cycia ka\u017cdej osoby, wi\u0119c nie daj si\u0119 zwie\u015b\u0107, my\u015bl\u0105c, \u017ce to po prostu jaki\u015b fajny, nowoczesny, przyjazny dla \u015brodowiska spos\u00f3b na uratowanie \u015bwiata przed zmianami klimatycznymi. To tajna depopulacja, a wkr\u00f3tce nast\u0105pi\u0105 przymusowe szczepienia pod gro\u017ab\u0105 broni we wszystkich C-40. Bardziej prawdopodobne ni\u017c nie, Los Angeles jest teraz palone do go\u0142ej ziemi, aby przygotowa\u0107 si\u0119 do odbudowy jako miasta C-40 w ramach przygotowa\u0144 do Olimpiady 2028, kt\u00f3ra odb\u0119dzie si\u0119 tam w 2028 roku. <\/p>\n\n\n\n<p class=\"wp-block-paragraph\">Spodziewaj si\u0119, \u017ce wi\u0119cej miast metropolitalnych\u00a0<a href=\"https:\/\/gloria.tv\/go\/wL2PwzQ1RQWbzekDVyjPSXwySzxuyfZzgvS7PPLvymDRfz9Rhu4qzzn3277OIHxmn6yygllHp7s45zETlzjFVa6PUMwdG16Q5d4Tpybyd6vufvb0CJFgwUtOlxV34kc7097FiyCZdBeydmEBJG3PyZp3emurIBbeV3IBcZ8shvfc0v5QJjWFtNT43KXLyhhCNTQSZIyltxZ4asZR48JevQD6JphvquotInjBHadJBuuqVu6yhvspheHLLv1S\" target=\"_blank\" rel=\"noreferrer noopener\">nagle stanie w p\u0142omieniach<\/a>\u00a0w ci\u0105gu najbli\u017cszych kilku lat, aby zmusi\u0107 wszystkich do podporz\u0105dkowania si\u0119. George Orwell mia\u0142 racj\u0119 we wszystkim. W jaki\u015b spos\u00f3b zna\u0142 przysz\u0142o\u015b\u0107, albo WEF po prostu pod\u0105\u017ca za jego fikcyjnym \u201epodr\u0119cznikiem\u201d.<\/p>\n\n\n\n<p class=\"wp-block-paragraph\"><a href=\"https:\/\/gloria.tv\/go\/zdz0GEkGvsqAVsykQo0U7J8RAff1UfWMtR2O8jbvlqWFWb89cczYaAksF6v3zFn1ozLaJTj1GSmRXAiRRpGgGykOy4F3kbtydpBsnIb0zpQoqjTWTlp4gfMMTVpjTIryjm8FoH8dyamONZT3y9sMUKr9YM8a8AySeXsPtBJeQ2umhOGB8\" rel=\"noreferrer noopener\" target=\"_blank\">instagram.com\/accounts\/login\/?next=https:\/\/www.instagram.com\/tru<\/a><em>15-minutowe miasta. Kandydat na burmistrza Londynu, Shyam Batra, m\u00f3wi o \u201eC40\u201d jako podstawie dla 15-minutowych miast.<\/em><\/p>\n\n\n\n<p class=\"has-text-align-center wp-block-paragraph\"><strong>Ratujmy RYBY STYNKI, ale pozw\u00f3lmy LUDZIOM ZGIN\u0104\u0106 W PO\u017bARZE<\/strong><\/p>\n\n\n\n<p class=\"wp-block-paragraph\">Och, szale\u0144stwo radzenia sobie z demokratycznymi biurokratami w Los Angeles i Waszyngtonie. Tak, hrabstwo Los Angeles ma 72 p\u0142ci, ale zero dzia\u0142aj\u0105cych hydrant\u00f3w przeciwpo\u017carowych. Bardzo trudno jest tym z\u0142owrogim urz\u0119dnikom pa\u0144stwowym, politykom i pot\u0119\u017cnym biurokratom ukry\u0107 wszystkie swoje k\u0142amstwa, gdy nadal je uk\u0142adaj\u0105 jedno na drugim. I tak, \u017cycie stynek jest oczywi\u015bcie wa\u017cniejsze ni\u017c \u017cycie mieszka\u0144c\u00f3w Los Angeles, poniewa\u017c biurokraci maj\u0105 swoje priorytety na opak.Istnieje wiele dowod\u00f3w wskazuj\u0105cych na nieuczciw\u0105 gr\u0119, technologi\u0119 broni pogodowej, planowane \u201einteligentne miasto\u201d dla Los Angeles w 2028 r., zbli\u017caj\u0105ce si\u0119 igrzyska olimpijskie w tym samym roku, brak wody do gaszenia po\u017car\u00f3w, decyzj\u0119 DEI o tym, kto zostanie zatrudniony w stra\u017cy po\u017carnej, fa\u0142szyw\u0105 narracj\u0119 o \u201ezmianie klimatu\u201d g\u0142oszon\u0105 przez wszystkich defrauduj\u0105cych alarmist\u00f3w klimatycznych, a lista jest d\u0142uga.<\/p>\n\n\n\n<p class=\"wp-block-paragraph\">Zobacz, jak dyrektor Los Angeles County Public Works&nbsp;<a href=\"https:\/\/gloria.tv\/go\/uFlB0yQ0ZnlngFe4R1rzbqEdoTmVKoHnSIX70j2bTdk5TBmYnxPdCucw6RunZLcmgs4YIm7zccN2FQzv3ieKGjbCEAh0hreUqzuXk08Vq58NuGGH5VYzOyoREtL8jH2yBd87PRXFlIu7jNUJZo1zMLKfmWKknqMHNU4RHvLyNSrunzFRIZUQkJiuTq4rwPaSsTyvw8RT5819ZnqzFaSmS\" rel=\"noreferrer noopener\" target=\"_blank\">przypadkowo przyznaje,<\/a>&nbsp;\u017ce \u201erozpali\u0142\u201d po\u017cary! M\u00f3wi na konferencji prasowej podczas aktualizacji po\u017caru: \u201eMoja pierwsza rada dla was brzmi: najpierw zadbajmy o nasze zdrowie psychiczne i fizyczne, zanim wyruszymy w podr\u00f3\u017c, kt\u00f3ra b\u0119dzie odbudow\u0105 tych spo\u0142eczno\u015bci i odbudow\u0105 ich w lepszym stanie ni\u017c wtedy, gdy ROZPALALI\u015aMY TEN PO\u017bAR\u201d.&nbsp;<a href=\"https:\/\/gloria.tv\/go\/dk083vQy0VzjI9MyaapndYPr86vOxErMBvEAP6tJferTCtZmusCWfdoyVe3S89DJotcXbOG46yKvguqoXGP0fgAiC6FQSyFDN0eWyA0HzkyZW3lZPGjb5paVOqKITkehH8hKcuhnQ4YIpqEVB7R4PvWZu5IjTFEjAHI7bEE1Dzo4yC\" rel=\"noreferrer noopener\" target=\"_blank\">instagram.com\/accounts\/login\/?next=https:\/\/www.instagram.com\/eri<\/a><\/p>\n\n\n\n<p class=\"wp-block-paragraph\"><strong>Prawdziwe wiadomo\u015bci obejmuj\u0105 piek\u0142o stulecia w Los Angeles w ramach przygotowa\u0144 do Smart City gubernatora Newscuma i LGBTQ Rainbow Olympics<\/strong><\/p>\n\n\n\n<p class=\"wp-block-paragraph\"><br>Teraz zobaczcie, jak czo\u0142owy dziennikarz i influencer YouTube\u00a0<a href=\"https:\/\/gloria.tv\/go\/5SI5mC6JWwq1Q7XxShQgEqzFe82yzTc8K0yBlyoyLEr53vSZ82ku1nmzNuqjEF9M35riLUegjVvahp0yzlw1aZOWNCuUKyDfiwdIy23i3U3Ryl6ea6gALampGaRrZ5YNRKl2AY00LokdRdxov1gyj1lgorHeLvyhhnRZeOtUTqW\" target=\"_blank\" rel=\"noreferrer noopener\">Paul Joseph Watson<\/a>\u00a0, kt\u00f3ry ma ponad 2 miliony subskrybent\u00f3w, ujawnia wszystkie idiotyczne bzdury i k\u0142amstwa, w kt\u00f3re anga\u017cuj\u0105 si\u0119 Demokraci w Los Angeles przed, w trakcie i po po\u017carze w Los Angeles, kt\u00f3ry wci\u0105\u017c trawi miasto wstydu i upad\u0142ych anio\u0142\u00f3w Hollywood. Gubernator Newscum zosta\u0142 przy\u0142apany na ta\u0144cu jak Muppet podczas wywiadu na temat swojego planowanego \u201einteligentnego miasta\u201d i jak ju\u017c kr\u0119ci i uk\u0142ada si\u0119 z deweloperami, aby przej\u0105\u0107 w\u0142asno\u015b\u0107 wszystkich, kt\u00f3ra zosta\u0142a zw\u0119glona i zniszczona przez LA Planferno. Stra\u017cacy u\u017cywaj\u0105 pacho\u0142k\u00f3w drogowych zanurzonych w ka\u0142u\u017cach, aby ugasi\u0107\u00a0<a href=\"https:\/\/gloria.tv\/go\/B7i3g9xVBm994QwjJdknMXZ0vJl1dneqKcILUGI48ZhQQYg7jEzHfuF5QTMs0F1gXWhpSwFrFN1gHTj3oXZT9jA7wEuXuF9yPxUpD4yANeXG7VIMWztGXolsScbeqlUekT9pdEN6jZfPOQ\" target=\"_blank\" rel=\"noreferrer noopener\">najwi\u0119kszy po\u017car, jaki kiedykolwiek widzia\u0142o Los Angeles<\/a>\u00a0. Powodzenia w tym wszystkim. G\u0142\u00f3wne media w Los Angeles nie wiedz\u0105, jak ukry\u0107 wszystkie k\u0142amstwa i idiotyzmy, wi\u0119c wszystkie ich narracje s\u0105 pomieszane i zepsute.<\/p>\n\n\n\n<p class=\"wp-block-paragraph\">Niekt\u00f3re fa\u0142szywe serwisy informacyjne (fanatycy klimatyczni) twierdz\u0105, \u017ce wody jest pod dostatkiem, podczas gdy inne ujawniaj\u0105, \u017ce wszystkie hydranty przeciwpo\u017carowe s\u0105 puste. Wi\u0119kszo\u015b\u0107 zrzuca win\u0119 na najwi\u0119ksze oszustwo stulecia, \u201ezmian\u0119 klimatu\u201d, mimo \u017ce po\u017cary wybucha\u0142y osobno w ca\u0142ym Los Angeles, gdy wybucha\u0142y inteligentne liczniki, przewody elektryczne stawa\u0142y w p\u0142omieniach znienacka, a akumulatory samochod\u00f3w elektrycznych eksplodowa\u0142y jak pojedyncze \u0142adunki wybuchowe, kt\u00f3re musia\u0142y zosta\u0107 \u201ena\u0142adowane do pe\u0142na\u201d przez jak\u0105\u015b bro\u0144 energetyczn\u0105 na niebie. Nie zapominajcie, \u017ce biurokraci w Los Angeles uwa\u017caj\u0105, \u017ce wa\u017cniejsze jest ratowanie SMELT FISH ni\u017c ludzi zamieszkuj\u0105cych zat\u0142oczone miasto rz\u0105dzone przez Demokrat\u00f3w. Niech to dotrze do was, gdy&nbsp;<a href=\"https:\/\/gloria.tv\/go\/NLTRbIi9YWcspdgJXvrtJyky2CrZQ7QuFCUl73V6DmAWOAKJVdQvRySuAcNh41j7fE86AVuWHt1YYLyqK7c5ToFNU5cQayQmdkYu2I2iWYMK06LZybXfzkw7UMfaE7N2EnRgzZygeMIzTCAyz7wYfWvKZvcuK\" rel=\"noreferrer noopener\" target=\"_blank\">LA p\u0142onie doszcz\u0119tnie<\/a>&nbsp;, wraz z domami wszystkich i wszystkim, co posiadaj\u0105.<\/p>","protected":false},"excerpt":{"rendered":"<p>W 2019 roku Agencja Technologii Informacyjnej (ITA) uruchomi\u0142a inicjatyw\u0119 SmartLA 2028, maj\u0105c\u0105 na celu przekszta\u0142cenie Los Angeles w technologicznie zaawansowane miasto do 2028 roku. Inicjatywa ta<span class=\"excerpt-hellip\"> [\u2026]<\/span><\/p>\n","protected":false},"author":1,"featured_media":30747,"comment_status":"closed","ping_status":"open","sticky":false,"template":"","format":"standard","meta":{"_daam_enable_autolinks":"1","_jetpack_newsletter_access":"","_jetpack_dont_email_post_to_subs":false,"_jetpack_newsletter_tier_id":0,"_jetpack_memberships_contains_paywalled_content":false,"_jetpack_feature_clip_id":0,"_jetpack_memberships_contains_paid_content":false,"footnotes":"","jetpack_post_was_ever_published":false},"categories":[21],"tags":[],"class_list":["post-30746","post","type-post","status-publish","format-standard","has-post-thumbnail","hentry","category-otworz-oczy"],"yoast_head":"<!-- This site is optimized with the Yoast SEO plugin v28.4 - https:\/\/yoast.com\/product\/yoast-seo-wordpress\/ -->\n<title>WEF C40 SMART CITY: OD PO\u017bAR\u00d3W DO INTELIGENTNYCH MIAST - WARSZAWA TE\u017b NA TEJ LI\u015aCIE - Globalna \u015awiadomo\u015b\u0107<\/title>\n<meta name=\"robots\" content=\"index, follow, max-snippet:-1, max-image-preview:large, max-video-preview:-1\" \/>\n<link rel=\"canonical\" href=\"https:\/\/globalna.info\/en\/2026\/05\/08\/wef-c40-smart-city-od-pozarow-do-inteligentnych-miast-warszawa-tez-na-tej-liscie\/\" \/>\n<meta property=\"og:locale\" content=\"en_GB\" \/>\n<meta property=\"og:type\" content=\"article\" \/>\n<meta property=\"og:title\" content=\"WEF C40 SMART CITY: OD PO\u017bAR\u00d3W DO INTELIGENTNYCH MIAST - WARSZAWA TE\u017b NA TEJ LI\u015aCIE - Globalna \u015awiadomo\u015b\u0107\" \/>\n<meta property=\"og:description\" content=\"W 2019 roku Agencja Technologii Informacyjnej (ITA) uruchomi\u0142a inicjatyw\u0119 SmartLA 2028, maj\u0105c\u0105 na celu przekszta\u0142cenie Los Angeles w technologicznie zaawansowane miasto do 2028 roku. Inicjatywa ta [\u2026]\" \/>\n<meta property=\"og:url\" content=\"https:\/\/globalna.info\/en\/2026\/05\/08\/wef-c40-smart-city-od-pozarow-do-inteligentnych-miast-warszawa-tez-na-tej-liscie\/\" \/>\n<meta property=\"og:site_name\" content=\"Globalna \u015awiadomo\u015b\u0107\" \/>\n<meta property=\"article:publisher\" content=\"https:\/\/www.facebook.com\/globalna.info\/\" \/>\n<meta property=\"article:published_time\" content=\"2026-05-08T12:08:28+00:00\" \/>\n<meta property=\"og:image\" content=\"https:\/\/globalna.info\/wp-content\/uploads\/2025\/01\/zzp6kbyynjlyvafaf1f9d8aviceewodkg9oupzp.webp\" \/>\n\t<meta property=\"og:image:width\" content=\"599\" \/>\n\t<meta property=\"og:image:height\" content=\"401\" \/>\n\t<meta property=\"og:image:type\" content=\"image\/webp\" \/>\n<meta name=\"author\" content=\"Globalna \u015awiadomo\u015b\u0107\" \/>\n<meta name=\"twitter:card\" content=\"summary_large_image\" \/>\n<meta name=\"twitter:creator\" content=\"@globalna_info\" \/>\n<meta name=\"twitter:site\" content=\"@globalna_info\" \/>\n<meta name=\"twitter:label1\" content=\"Written by\" \/>\n\t<meta name=\"twitter:data1\" content=\"Globalna \u015awiadomo\u015b\u0107\" \/>\n\t<meta name=\"twitter:label2\" content=\"Estimated reading time\" \/>\n\t<meta name=\"twitter:data2\" content=\"14 minutes\" \/>\n<script type=\"application\/ld+json\" class=\"yoast-schema-graph\">{\"@context\":\"https:\\\/\\\/schema.org\",\"@graph\":[{\"@type\":\"Article\",\"@id\":\"https:\\\/\\\/globalna.info\\\/2026\\\/05\\\/08\\\/wef-c40-smart-city-od-pozarow-do-inteligentnych-miast-warszawa-tez-na-tej-liscie\\\/#article\",\"isPartOf\":{\"@id\":\"https:\\\/\\\/globalna.info\\\/2026\\\/05\\\/08\\\/wef-c40-smart-city-od-pozarow-do-inteligentnych-miast-warszawa-tez-na-tej-liscie\\\/\"},\"author\":{\"name\":\"Globalna \u015awiadomo\u015b\u0107\",\"@id\":\"https:\\\/\\\/globalna.info\\\/#\\\/schema\\\/person\\\/63d6d4bbc6cc7167b37363521107c844\"},\"headline\":\"WEF C40 SMART CITY: OD PO\u017bAR\u00d3W DO INTELIGENTNYCH MIAST &#8211; WARSZAWA TE\u017b NA TEJ LI\u015aCIE\",\"datePublished\":\"2026-05-08T12:08:28+00:00\",\"mainEntityOfPage\":{\"@id\":\"https:\\\/\\\/globalna.info\\\/2026\\\/05\\\/08\\\/wef-c40-smart-city-od-pozarow-do-inteligentnych-miast-warszawa-tez-na-tej-liscie\\\/\"},\"wordCount\":2658,\"publisher\":{\"@id\":\"https:\\\/\\\/globalna.info\\\/#organization\"},\"image\":{\"@id\":\"https:\\\/\\\/globalna.info\\\/2026\\\/05\\\/08\\\/wef-c40-smart-city-od-pozarow-do-inteligentnych-miast-warszawa-tez-na-tej-liscie\\\/#primaryimage\"},\"thumbnailUrl\":\"https:\\\/\\\/i0.wp.com\\\/globalna.info\\\/wp-content\\\/uploads\\\/2025\\\/01\\\/zzp6kbyynjlyvafaf1f9d8aviceewodkg9oupzp.webp?fit=599%2C401&ssl=1\",\"articleSection\":[\"Otw\u00f3rz oczy\"],\"inLanguage\":\"en-GB\"},{\"@type\":\"WebPage\",\"@id\":\"https:\\\/\\\/globalna.info\\\/2026\\\/05\\\/08\\\/wef-c40-smart-city-od-pozarow-do-inteligentnych-miast-warszawa-tez-na-tej-liscie\\\/\",\"url\":\"https:\\\/\\\/globalna.info\\\/2026\\\/05\\\/08\\\/wef-c40-smart-city-od-pozarow-do-inteligentnych-miast-warszawa-tez-na-tej-liscie\\\/\",\"name\":\"WEF C40 SMART CITY: OD PO\u017bAR\u00d3W DO INTELIGENTNYCH MIAST - WARSZAWA TE\u017b NA TEJ LI\u015aCIE - Globalna \u015awiadomo\u015b\u0107\",\"isPartOf\":{\"@id\":\"https:\\\/\\\/globalna.info\\\/#website\"},\"primaryImageOfPage\":{\"@id\":\"https:\\\/\\\/globalna.info\\\/2026\\\/05\\\/08\\\/wef-c40-smart-city-od-pozarow-do-inteligentnych-miast-warszawa-tez-na-tej-liscie\\\/#primaryimage\"},\"image\":{\"@id\":\"https:\\\/\\\/globalna.info\\\/2026\\\/05\\\/08\\\/wef-c40-smart-city-od-pozarow-do-inteligentnych-miast-warszawa-tez-na-tej-liscie\\\/#primaryimage\"},\"thumbnailUrl\":\"https:\\\/\\\/i0.wp.com\\\/globalna.info\\\/wp-content\\\/uploads\\\/2025\\\/01\\\/zzp6kbyynjlyvafaf1f9d8aviceewodkg9oupzp.webp?fit=599%2C401&ssl=1\",\"datePublished\":\"2026-05-08T12:08:28+00:00\",\"breadcrumb\":{\"@id\":\"https:\\\/\\\/globalna.info\\\/2026\\\/05\\\/08\\\/wef-c40-smart-city-od-pozarow-do-inteligentnych-miast-warszawa-tez-na-tej-liscie\\\/#breadcrumb\"},\"inLanguage\":\"en-GB\",\"potentialAction\":[{\"@type\":\"ReadAction\",\"target\":[\"https:\\\/\\\/globalna.info\\\/2026\\\/05\\\/08\\\/wef-c40-smart-city-od-pozarow-do-inteligentnych-miast-warszawa-tez-na-tej-liscie\\\/\"]}]},{\"@type\":\"ImageObject\",\"inLanguage\":\"en-GB\",\"@id\":\"https:\\\/\\\/globalna.info\\\/2026\\\/05\\\/08\\\/wef-c40-smart-city-od-pozarow-do-inteligentnych-miast-warszawa-tez-na-tej-liscie\\\/#primaryimage\",\"url\":\"https:\\\/\\\/i0.wp.com\\\/globalna.info\\\/wp-content\\\/uploads\\\/2025\\\/01\\\/zzp6kbyynjlyvafaf1f9d8aviceewodkg9oupzp.webp?fit=599%2C401&ssl=1\",\"contentUrl\":\"https:\\\/\\\/i0.wp.com\\\/globalna.info\\\/wp-content\\\/uploads\\\/2025\\\/01\\\/zzp6kbyynjlyvafaf1f9d8aviceewodkg9oupzp.webp?fit=599%2C401&ssl=1\",\"width\":599,\"height\":401},{\"@type\":\"BreadcrumbList\",\"@id\":\"https:\\\/\\\/globalna.info\\\/2026\\\/05\\\/08\\\/wef-c40-smart-city-od-pozarow-do-inteligentnych-miast-warszawa-tez-na-tej-liscie\\\/#breadcrumb\",\"itemListElement\":[{\"@type\":\"ListItem\",\"position\":1,\"name\":\"Strona g\u0142\u00f3wna\",\"item\":\"https:\\\/\\\/globalna.info\\\/\"},{\"@type\":\"ListItem\",\"position\":2,\"name\":\"WEF C40 SMART CITY: OD PO\u017bAR\u00d3W DO INTELIGENTNYCH MIAST &#8211; WARSZAWA TE\u017b NA TEJ LI\u015aCIE\"}]},{\"@type\":\"WebSite\",\"@id\":\"https:\\\/\\\/globalna.info\\\/#website\",\"url\":\"https:\\\/\\\/globalna.info\\\/\",\"name\":\"Globalna \u015awiadomo\u015b\u0107 portal wiedzy alternatywnej\",\"description\":\"\u015awiat Jest Inny\",\"publisher\":{\"@id\":\"https:\\\/\\\/globalna.info\\\/#organization\"},\"potentialAction\":[{\"@type\":\"SearchAction\",\"target\":{\"@type\":\"EntryPoint\",\"urlTemplate\":\"https:\\\/\\\/globalna.info\\\/?s={search_term_string}\"},\"query-input\":{\"@type\":\"PropertyValueSpecification\",\"valueRequired\":true,\"valueName\":\"search_term_string\"}}],\"inLanguage\":\"en-GB\"},{\"@type\":\"Organization\",\"@id\":\"https:\\\/\\\/globalna.info\\\/#organization\",\"name\":\"Globalna \u015awiadomo\u015b\u0107\",\"url\":\"https:\\\/\\\/globalna.info\\\/\",\"logo\":{\"@type\":\"ImageObject\",\"inLanguage\":\"en-GB\",\"@id\":\"https:\\\/\\\/globalna.info\\\/#\\\/schema\\\/logo\\\/image\\\/\",\"url\":\"https:\\\/\\\/i0.wp.com\\\/globalna.info\\\/wp-content\\\/uploads\\\/2023\\\/07\\\/cropped-GS-logo-final-1-fb-1.jpg?fit=1890%2C630&ssl=1\",\"contentUrl\":\"https:\\\/\\\/i0.wp.com\\\/globalna.info\\\/wp-content\\\/uploads\\\/2023\\\/07\\\/cropped-GS-logo-final-1-fb-1.jpg?fit=1890%2C630&ssl=1\",\"width\":1890,\"height\":630,\"caption\":\"Globalna \u015awiadomo\u015b\u0107\"},\"image\":{\"@id\":\"https:\\\/\\\/globalna.info\\\/#\\\/schema\\\/logo\\\/image\\\/\"},\"sameAs\":[\"https:\\\/\\\/www.facebook.com\\\/globalna.info\\\/\",\"https:\\\/\\\/x.com\\\/globalna_info\",\"https:\\\/\\\/www.instagram.com\\\/global_awarness_poland\\\/?hl=pl\"]},{\"@type\":\"Person\",\"@id\":\"https:\\\/\\\/globalna.info\\\/#\\\/schema\\\/person\\\/63d6d4bbc6cc7167b37363521107c844\",\"name\":\"Globalna \u015awiadomo\u015b\u0107\",\"image\":{\"@type\":\"ImageObject\",\"inLanguage\":\"en-GB\",\"@id\":\"https:\\\/\\\/secure.gravatar.com\\\/avatar\\\/bfa1874e30b0bc00ee62d40120daec88f60e306105d661025fdd175d903f368a?s=96&d=mm&r=g\",\"url\":\"https:\\\/\\\/secure.gravatar.com\\\/avatar\\\/bfa1874e30b0bc00ee62d40120daec88f60e306105d661025fdd175d903f368a?s=96&d=mm&r=g\",\"contentUrl\":\"https:\\\/\\\/secure.gravatar.com\\\/avatar\\\/bfa1874e30b0bc00ee62d40120daec88f60e306105d661025fdd175d903f368a?s=96&d=mm&r=g\",\"caption\":\"Globalna \u015awiadomo\u015b\u0107\"}}]}<\/script>\n<!-- \/ Yoast SEO plugin. -->","yoast_head_json":{"title":"WEF C40 SMART CITY: OD PO\u017bAR\u00d3W DO INTELIGENTNYCH MIAST - WARSZAWA TE\u017b NA TEJ LI\u015aCIE - Globalna \u015awiadomo\u015b\u0107","robots":{"index":"index","follow":"follow","max-snippet":"max-snippet:-1","max-image-preview":"max-image-preview:large","max-video-preview":"max-video-preview:-1"},"canonical":"https:\/\/globalna.info\/en\/2026\/05\/08\/wef-c40-smart-city-od-pozarow-do-inteligentnych-miast-warszawa-tez-na-tej-liscie\/","og_locale":"en_GB","og_type":"article","og_title":"WEF C40 SMART CITY: OD PO\u017bAR\u00d3W DO INTELIGENTNYCH MIAST - WARSZAWA TE\u017b NA TEJ LI\u015aCIE - Globalna \u015awiadomo\u015b\u0107","og_description":"W 2019 roku Agencja Technologii Informacyjnej (ITA) uruchomi\u0142a inicjatyw\u0119 SmartLA 2028, maj\u0105c\u0105 na celu przekszta\u0142cenie Los Angeles w technologicznie zaawansowane miasto do 2028 roku. Inicjatywa ta [\u2026]","og_url":"https:\/\/globalna.info\/en\/2026\/05\/08\/wef-c40-smart-city-od-pozarow-do-inteligentnych-miast-warszawa-tez-na-tej-liscie\/","og_site_name":"Globalna \u015awiadomo\u015b\u0107","article_publisher":"https:\/\/www.facebook.com\/globalna.info\/","article_published_time":"2026-05-08T12:08:28+00:00","og_image":[{"width":599,"height":401,"url":"https:\/\/globalna.info\/wp-content\/uploads\/2025\/01\/zzp6kbyynjlyvafaf1f9d8aviceewodkg9oupzp.webp","type":"image\/webp"}],"author":"Globalna \u015awiadomo\u015b\u0107","twitter_card":"summary_large_image","twitter_creator":"@globalna_info","twitter_site":"@globalna_info","twitter_misc":{"Written by":"Globalna \u015awiadomo\u015b\u0107","Estimated reading time":"14 minutes"},"schema":{"@context":"https:\/\/schema.org","@graph":[{"@type":"Article","@id":"https:\/\/globalna.info\/2026\/05\/08\/wef-c40-smart-city-od-pozarow-do-inteligentnych-miast-warszawa-tez-na-tej-liscie\/#article","isPartOf":{"@id":"https:\/\/globalna.info\/2026\/05\/08\/wef-c40-smart-city-od-pozarow-do-inteligentnych-miast-warszawa-tez-na-tej-liscie\/"},"author":{"name":"Globalna \u015awiadomo\u015b\u0107","@id":"https:\/\/globalna.info\/#\/schema\/person\/63d6d4bbc6cc7167b37363521107c844"},"headline":"WEF C40 SMART CITY: OD PO\u017bAR\u00d3W DO INTELIGENTNYCH MIAST &#8211; WARSZAWA TE\u017b NA TEJ LI\u015aCIE","datePublished":"2026-05-08T12:08:28+00:00","mainEntityOfPage":{"@id":"https:\/\/globalna.info\/2026\/05\/08\/wef-c40-smart-city-od-pozarow-do-inteligentnych-miast-warszawa-tez-na-tej-liscie\/"},"wordCount":2658,"publisher":{"@id":"https:\/\/globalna.info\/#organization"},"image":{"@id":"https:\/\/globalna.info\/2026\/05\/08\/wef-c40-smart-city-od-pozarow-do-inteligentnych-miast-warszawa-tez-na-tej-liscie\/#primaryimage"},"thumbnailUrl":"https:\/\/i0.wp.com\/globalna.info\/wp-content\/uploads\/2025\/01\/zzp6kbyynjlyvafaf1f9d8aviceewodkg9oupzp.webp?fit=599%2C401&ssl=1","articleSection":["Otw\u00f3rz oczy"],"inLanguage":"en-GB"},{"@type":"WebPage","@id":"https:\/\/globalna.info\/2026\/05\/08\/wef-c40-smart-city-od-pozarow-do-inteligentnych-miast-warszawa-tez-na-tej-liscie\/","url":"https:\/\/globalna.info\/2026\/05\/08\/wef-c40-smart-city-od-pozarow-do-inteligentnych-miast-warszawa-tez-na-tej-liscie\/","name":"WEF C40 SMART CITY: OD PO\u017bAR\u00d3W DO INTELIGENTNYCH MIAST - WARSZAWA TE\u017b NA TEJ LI\u015aCIE - Globalna \u015awiadomo\u015b\u0107","isPartOf":{"@id":"https:\/\/globalna.info\/#website"},"primaryImageOfPage":{"@id":"https:\/\/globalna.info\/2026\/05\/08\/wef-c40-smart-city-od-pozarow-do-inteligentnych-miast-warszawa-tez-na-tej-liscie\/#primaryimage"},"image":{"@id":"https:\/\/globalna.info\/2026\/05\/08\/wef-c40-smart-city-od-pozarow-do-inteligentnych-miast-warszawa-tez-na-tej-liscie\/#primaryimage"},"thumbnailUrl":"https:\/\/i0.wp.com\/globalna.info\/wp-content\/uploads\/2025\/01\/zzp6kbyynjlyvafaf1f9d8aviceewodkg9oupzp.webp?fit=599%2C401&ssl=1","datePublished":"2026-05-08T12:08:28+00:00","breadcrumb":{"@id":"https:\/\/globalna.info\/2026\/05\/08\/wef-c40-smart-city-od-pozarow-do-inteligentnych-miast-warszawa-tez-na-tej-liscie\/#breadcrumb"},"inLanguage":"en-GB","potentialAction":[{"@type":"ReadAction","target":["https:\/\/globalna.info\/2026\/05\/08\/wef-c40-smart-city-od-pozarow-do-inteligentnych-miast-warszawa-tez-na-tej-liscie\/"]}]},{"@type":"ImageObject","inLanguage":"en-GB","@id":"https:\/\/globalna.info\/2026\/05\/08\/wef-c40-smart-city-od-pozarow-do-inteligentnych-miast-warszawa-tez-na-tej-liscie\/#primaryimage","url":"https:\/\/i0.wp.com\/globalna.info\/wp-content\/uploads\/2025\/01\/zzp6kbyynjlyvafaf1f9d8aviceewodkg9oupzp.webp?fit=599%2C401&ssl=1","contentUrl":"https:\/\/i0.wp.com\/globalna.info\/wp-content\/uploads\/2025\/01\/zzp6kbyynjlyvafaf1f9d8aviceewodkg9oupzp.webp?fit=599%2C401&ssl=1","width":599,"height":401},{"@type":"BreadcrumbList","@id":"https:\/\/globalna.info\/2026\/05\/08\/wef-c40-smart-city-od-pozarow-do-inteligentnych-miast-warszawa-tez-na-tej-liscie\/#breadcrumb","itemListElement":[{"@type":"ListItem","position":1,"name":"Strona g\u0142\u00f3wna","item":"https:\/\/globalna.info\/"},{"@type":"ListItem","position":2,"name":"WEF C40 SMART CITY: OD PO\u017bAR\u00d3W DO INTELIGENTNYCH MIAST &#8211; WARSZAWA TE\u017b NA TEJ LI\u015aCIE"}]},{"@type":"WebSite","@id":"https:\/\/globalna.info\/#website","url":"https:\/\/globalna.info\/","name":"Globalna \u015awiadomo\u015b\u0107 portal wiedzy alternatywnej","description":"\u015awiat Jest Inny","publisher":{"@id":"https:\/\/globalna.info\/#organization"},"potentialAction":[{"@type":"SearchAction","target":{"@type":"EntryPoint","urlTemplate":"https:\/\/globalna.info\/?s={search_term_string}"},"query-input":{"@type":"PropertyValueSpecification","valueRequired":true,"valueName":"search_term_string"}}],"inLanguage":"en-GB"},{"@type":"Organization","@id":"https:\/\/globalna.info\/#organization","name":"Globalna \u015awiadomo\u015b\u0107","url":"https:\/\/globalna.info\/","logo":{"@type":"ImageObject","inLanguage":"en-GB","@id":"https:\/\/globalna.info\/#\/schema\/logo\/image\/","url":"https:\/\/i0.wp.com\/globalna.info\/wp-content\/uploads\/2023\/07\/cropped-GS-logo-final-1-fb-1.jpg?fit=1890%2C630&ssl=1","contentUrl":"https:\/\/i0.wp.com\/globalna.info\/wp-content\/uploads\/2023\/07\/cropped-GS-logo-final-1-fb-1.jpg?fit=1890%2C630&ssl=1","width":1890,"height":630,"caption":"Globalna \u015awiadomo\u015b\u0107"},"image":{"@id":"https:\/\/globalna.info\/#\/schema\/logo\/image\/"},"sameAs":["https:\/\/www.facebook.com\/globalna.info\/","https:\/\/x.com\/globalna_info","https:\/\/www.instagram.com\/global_awarness_poland\/?hl=pl"]},{"@type":"Person","@id":"https:\/\/globalna.info\/#\/schema\/person\/63d6d4bbc6cc7167b37363521107c844","name":"Globalna \u015awiadomo\u015b\u0107","image":{"@type":"ImageObject","inLanguage":"en-GB","@id":"https:\/\/secure.gravatar.com\/avatar\/bfa1874e30b0bc00ee62d40120daec88f60e306105d661025fdd175d903f368a?s=96&d=mm&r=g","url":"https:\/\/secure.gravatar.com\/avatar\/bfa1874e30b0bc00ee62d40120daec88f60e306105d661025fdd175d903f368a?s=96&d=mm&r=g","contentUrl":"https:\/\/secure.gravatar.com\/avatar\/bfa1874e30b0bc00ee62d40120daec88f60e306105d661025fdd175d903f368a?s=96&d=mm&r=g","caption":"Globalna \u015awiadomo\u015b\u0107"}}]}},"jetpack_sharing_enabled":true,"jetpack_featured_media_url":"https:\/\/i0.wp.com\/globalna.info\/wp-content\/uploads\/2025\/01\/zzp6kbyynjlyvafaf1f9d8aviceewodkg9oupzp.webp?fit=599%2C401&ssl=1","_links":{"self":[{"href":"https:\/\/globalna.info\/en\/wp-json\/wp\/v2\/posts\/30746","targetHints":{"allow":["GET"]}}],"collection":[{"href":"https:\/\/globalna.info\/en\/wp-json\/wp\/v2\/posts"}],"about":[{"href":"https:\/\/globalna.info\/en\/wp-json\/wp\/v2\/types\/post"}],"author":[{"embeddable":true,"href":"https:\/\/globalna.info\/en\/wp-json\/wp\/v2\/users\/1"}],"replies":[{"embeddable":true,"href":"https:\/\/globalna.info\/en\/wp-json\/wp\/v2\/comments?post=30746"}],"version-history":[{"count":0,"href":"https:\/\/globalna.info\/en\/wp-json\/wp\/v2\/posts\/30746\/revisions"}],"wp:featuredmedia":[{"embeddable":true,"href":"https:\/\/globalna.info\/en\/wp-json\/wp\/v2\/media\/30747"}],"wp:attachment":[{"href":"https:\/\/globalna.info\/en\/wp-json\/wp\/v2\/media?parent=30746"}],"wp:term":[{"taxonomy":"category","embeddable":true,"href":"https:\/\/globalna.info\/en\/wp-json\/wp\/v2\/categories?post=30746"},{"taxonomy":"post_tag","embeddable":true,"href":"https:\/\/globalna.info\/en\/wp-json\/wp\/v2\/tags?post=30746"}],"curies":[{"name":"wp","href":"https:\/\/api.w.org\/{rel}","templated":true}]}}